{"id":42572,"date":"2026-03-02T05:37:31","date_gmt":"2026-03-02T04:37:31","guid":{"rendered":"https:\/\/www.lintelligentdabidjan.info\/news\/?p=42572"},"modified":"2026-03-02T05:37:37","modified_gmt":"2026-03-02T04:37:37","slug":"aboboles-chefs-traditionnels-renforcent-leurs-capacites-en-cohesion-sociale","status":"publish","type":"post","link":"https:\/\/www.lintelligentdabidjan.info\/news\/aboboles-chefs-traditionnels-renforcent-leurs-capacites-en-cohesion-sociale\/","title":{"rendered":"Abobo:Les\u00a0 chefs traditionnels renforcent leurs capacit\u00e9s en coh\u00e9sion sociale"},"content":{"rendered":"<p><strong>Les chefs traditionnels centraux de la commune d\u2019Abobo ont pris part, samedi 28 f\u00e9vrier 2026 , \u00e0 un atelier de formation ax\u00e9 sur la coh\u00e9sion sociale et la cohabitation pacifique. L\u2019initiative est port\u00e9e par l\u2019Union des jeunes ressortissants des \u00c9tats membres de la CEDEAO et s\u2019est tenue \u00e0 Sagb\u00e8-C\u00e9leste, au domicile de M\u2019Bollo Koka Denis, chef central du collectif des chefs traditionnels d\u2019Abobo.<\/strong><\/p>\n<p>Plac\u00e9e sous le th\u00e8me \u00ab Renforcer les capacit\u00e9s des chefs des communaut\u00e9s d\u2019Abobo pour une bonne cohabitation et la coh\u00e9sion sociale \u00bb, la rencontre visait \u00e0 consolider le r\u00f4le des autorit\u00e9s traditionnelles dans la pr\u00e9vention et la gestion des conflits communautaires.<\/p>\n<p>Animant l\u2019atelier, Eug\u00e8ne Ahondjo, formateur \u00e0 la F\u00e9d\u00e9ration pour la paix universelle en Afrique de l\u2019Ouest, a rappel\u00e9 que les chefs traditionnels sont des acteurs cl\u00e9s du maintien de la paix. \u00ab Le chef traditionnel ou coutumier est le premier m\u00e9diateur en cas de conflits familiaux ou communautaires \u00bb, a-t-il soulign\u00e9, insistant sur leur responsabilit\u00e9 d\u2019\u00eatre des mod\u00e8les de dialogue, de tol\u00e9rance et de coh\u00e9sion sociale.<\/p>\n<p>Au-del\u00e0 de la transmission des valeurs culturelles, le formateur a encourag\u00e9 les chefs \u00e0 initier des activit\u00e9s communautaires de d\u00e9veloppement afin de rapprocher les diff\u00e9rentes communaut\u00e9s et renforcer le vivre-ensemble \u00e0 Abobo.<\/p>\n<p>Prenant la parole, M\u2019Bollo Koka Denis, chef central des communaut\u00e9s Abbey et Krobou et pr\u00e9sident du collectif des chefs traditionnels d\u2019Abobo, a appel\u00e9 \u00e0 l\u2019unit\u00e9 et \u00e0 la solidarit\u00e9 entre les chefs, sans appr\u00e9hension. Il a exhort\u00e9 les participants \u00e0 s\u2019approprier les enseignements re\u00e7us et \u00e0 incarner, dans leurs communaut\u00e9s respectives, des exemples de leadership et de responsabilit\u00e9.<\/p>\n<p>De son c\u00f4t\u00e9, Taraually Inna Jaka, pr\u00e9sidente nationale de l\u2019Union des jeunes ressortissants des \u00c9tats membres de la CEDEAO, s\u2019est f\u00e9licit\u00e9e du bon d\u00e9roulement de la formation. D\u2019origine sierra-l\u00e9onaise, elle a exprim\u00e9 son attachement \u00e0 la C\u00f4te d\u2019Ivoire, o\u00f9 elle vit avec son \u00e9poux ivoirien, rappelant avoir \u0153uvr\u00e9 \u00e0 l\u2019organisation de la communaut\u00e9 ivoirienne \u00e0 Freetown lors d\u2019un s\u00e9jour dans son pays.<\/p>\n<p>Les \u00e9changes entre participants ont permis d\u2019\u00e9clairer plusieurs pr\u00e9occupations li\u00e9es \u00e0 la coh\u00e9sion sociale. \u00c0 l\u2019issue de la rencontre, certains chefs traditionnels ont souhait\u00e9 la reconduction de ce type d\u2019atelier afin de renforcer davantage leurs capacit\u00e9s.<\/p>\n<p><strong>Mamadou Ouattara<\/strong><\/p>\n<p>&nbsp;<\/p>\n<p>&nbsp;<\/p>\n","protected":false},"excerpt":{"rendered":"<p>Les chefs traditionnels centraux de la commune d\u2019Abobo ont pris part, samedi 28 f\u00e9vrier 2026 , \u00e0 un atelier de formation ax\u00e9 sur la coh\u00e9sion sociale et la cohabitation pacifique. L\u2019initiative est port\u00e9e par l\u2019Union des jeunes ressortissants des \u00c9tats membres de la CEDEAO et s\u2019est tenue \u00e0 Sagb\u00e8-C\u00e9leste, au domicile de M\u2019Bollo Koka Denis, [&hellip;]<\/p>\n","protected":false},"author":4,"featured_media":42573,"comment_status":"closed","ping_status":"closed","sticky":false,"template":"","format":"standard","meta":{"_monsterinsights_skip_tracking":false,"_monsterinsights_sitenote_active":false,"_monsterinsights_sitenote_note":"","_monsterinsights_sitenote_category":0,"footnotes":""},"categories":[2,3],"tags":[295,1799,1840,7239],"class_list":["post-42572","post","type-post","status-publish","format-standard","has-post-thumbnail","hentry","category-featured","category-societe","tag-abobo","tag-capacites","tag-cohesion-sociale","tag-les-chefs-traditionnels"],"_links":{"self":[{"href":"https:\/\/www.lintelligentdabidjan.info\/news\/wp-json\/wp\/v2\/posts\/42572","targetHints":{"allow":["GET"]}}],"collection":[{"href":"https:\/\/www.lintelligentdabidjan.info\/news\/wp-json\/wp\/v2\/posts"}],"about":[{"href":"https:\/\/www.lintelligentdabidjan.info\/news\/wp-json\/wp\/v2\/types\/post"}],"author":[{"embeddable":true,"href":"https:\/\/www.lintelligentdabidjan.info\/news\/wp-json\/wp\/v2\/users\/4"}],"replies":[{"embeddable":true,"href":"https:\/\/www.lintelligentdabidjan.info\/news\/wp-json\/wp\/v2\/comments?post=42572"}],"version-history":[{"count":1,"href":"https:\/\/www.lintelligentdabidjan.info\/news\/wp-json\/wp\/v2\/posts\/42572\/revisions"}],"predecessor-version":[{"id":42574,"href":"https:\/\/www.lintelligentdabidjan.info\/news\/wp-json\/wp\/v2\/posts\/42572\/revisions\/42574"}],"wp:featuredmedia":[{"embeddable":true,"href":"https:\/\/www.lintelligentdabidjan.info\/news\/wp-json\/wp\/v2\/media\/42573"}],"wp:attachment":[{"href":"https:\/\/www.lintelligentdabidjan.info\/news\/wp-json\/wp\/v2\/media?parent=42572"}],"wp:term":[{"taxonomy":"category","embeddable":true,"href":"https:\/\/www.lintelligentdabidjan.info\/news\/wp-json\/wp\/v2\/categories?post=42572"},{"taxonomy":"post_tag","embeddable":true,"href":"https:\/\/www.lintelligentdabidjan.info\/news\/wp-json\/wp\/v2\/tags?post=42572"}],"curies":[{"name":"wp","href":"https:\/\/api.w.org\/{rel}","templated":true}]}}