{"id":42575,"date":"2026-03-02T05:42:58","date_gmt":"2026-03-02T04:42:58","guid":{"rendered":"https:\/\/www.lintelligentdabidjan.info\/news\/?p=42575"},"modified":"2026-03-02T05:46:43","modified_gmt":"2026-03-02T04:46:43","slug":"lintelligent-en-pdf-moyen-orient-washington-et-tel-aviv-font-ils-vraiment-mieux-en-iran-que-moscou-en-ukraine","status":"publish","type":"post","link":"https:\/\/www.lintelligentdabidjan.info\/news\/lintelligent-en-pdf-moyen-orient-washington-et-tel-aviv-font-ils-vraiment-mieux-en-iran-que-moscou-en-ukraine\/","title":{"rendered":"L&#8217;Intelligent en PDF:\u00a0Moyen Orient  Washington et Tel Aviv font-ils vraiment mieux en Iran que Moscou en Ukraine ?"},"content":{"rendered":"<p dir=\"ltr\"><strong>L\u2019attaque am\u00e9ricaine men\u00e9e contre l\u2019Iran intervient alors qu\u2019une r\u00e9union strat\u00e9gique des principaux dirigeants iraniens \u00e9tait en cours \u00e0 T\u00e9h\u00e9ran (28 f\u00e9vrier 2026). En droit international, l\u2019article 51 de l&#8217;Organisation des Nations unies reconna\u00eet le droit de l\u00e9gitime d\u00e9fense en cas d\u2019attaque arm\u00e9e. Or, aucune attaque ouverte et av\u00e9r\u00e9e n\u2019avait \u00e9t\u00e9 officiellement constat\u00e9e au moment des frappes.\u00a0\u00a0<\/strong><\/p>\n<p dir=\"ltr\">Washington et Tel Aviv font-ils vraiment mieux en Iran que Moscou en Ukraine ?<\/p>\n<p dir=\"ltr\">La suite \u00e0 d\u00e9couvrir dans vos kiosques et en ligne sur&#8230;<\/p>\n<p><a href=\"https:\/\/news.abidjan.net\/titrologie\/39-lintelligent-dabidjan\/articles\" target=\"_blank\" rel=\"noopener\">https:\/\/news.abidjan.net\/titrologie\/39-lintelligent-dabidjan\/articles<\/a><\/p>\n<p dir=\"ltr\">\u00a0\u00c0 lire aussi la position de la C\u00f4te d\u2019Ivoire, de la CEDEAO et de l\u2019Union africaine sur le conflit en Iran ; le MIRAH dresse son bilan au SIA 2026 \u00e0 Paris; A\u00efcha Kon\u00e9 \u00e0 Bamako, Antoinette Konan et Aklane parlent<\/p>\n<p dir=\"ltr\">du d\u00e9c\u00e8s de Boncana Ma\u00efga; Pedros Reynald et les \u00c9l\u00e9phantes pas pr\u00eates pour la CAN f\u00e9minine 2026.<\/p>\n<p dir=\"ltr\">Cliquez pour les d\u00e9tails<\/p>\n<p><a href=\"https:\/\/www.afrikipresse.com\/abonnement\" target=\"_blank\" rel=\"noopener\">https:\/\/www.afrikipresse.com\/abonnement<\/a><\/p>\n<p dir=\"ltr\">\u00c0 voir \u00e9galement 40 tonnes de vivres offertes \u00e0 Bouak\u00e9 dans le cadre du\u00a0 Ramadan et Car\u00eame 2026.<\/p>\n<p><a href=\"https:\/\/www.pressecotedivoire.fr\/titrologie\" target=\"_blank\" rel=\"noopener\">https:\/\/www.pressecotedivoire.fr\/titrologie<\/a><\/p>\n","protected":false},"excerpt":{"rendered":"<p>L\u2019attaque am\u00e9ricaine men\u00e9e contre l\u2019Iran intervient alors qu\u2019une r\u00e9union strat\u00e9gique des principaux dirigeants iraniens \u00e9tait en cours \u00e0 T\u00e9h\u00e9ran (28 f\u00e9vrier 2026). En droit international, l\u2019article 51 de l&#8217;Organisation des Nations unies reconna\u00eet le droit de l\u00e9gitime d\u00e9fense en cas d\u2019attaque arm\u00e9e. Or, aucune attaque ouverte et av\u00e9r\u00e9e n\u2019avait \u00e9t\u00e9 officiellement constat\u00e9e au moment des [&hellip;]<\/p>\n","protected":false},"author":4,"featured_media":42576,"comment_status":"closed","ping_status":"closed","sticky":false,"template":"","format":"standard","meta":{"_monsterinsights_skip_tracking":false,"_monsterinsights_sitenote_active":false,"_monsterinsights_sitenote_note":"","_monsterinsights_sitenote_category":0,"footnotes":""},"categories":[2,3],"tags":[],"class_list":["post-42575","post","type-post","status-publish","format-standard","has-post-thumbnail","hentry","category-featured","category-societe"],"_links":{"self":[{"href":"https:\/\/www.lintelligentdabidjan.info\/news\/wp-json\/wp\/v2\/posts\/42575","targetHints":{"allow":["GET"]}}],"collection":[{"href":"https:\/\/www.lintelligentdabidjan.info\/news\/wp-json\/wp\/v2\/posts"}],"about":[{"href":"https:\/\/www.lintelligentdabidjan.info\/news\/wp-json\/wp\/v2\/types\/post"}],"author":[{"embeddable":true,"href":"https:\/\/www.lintelligentdabidjan.info\/news\/wp-json\/wp\/v2\/users\/4"}],"replies":[{"embeddable":true,"href":"https:\/\/www.lintelligentdabidjan.info\/news\/wp-json\/wp\/v2\/comments?post=42575"}],"version-history":[{"count":1,"href":"https:\/\/www.lintelligentdabidjan.info\/news\/wp-json\/wp\/v2\/posts\/42575\/revisions"}],"predecessor-version":[{"id":42577,"href":"https:\/\/www.lintelligentdabidjan.info\/news\/wp-json\/wp\/v2\/posts\/42575\/revisions\/42577"}],"wp:featuredmedia":[{"embeddable":true,"href":"https:\/\/www.lintelligentdabidjan.info\/news\/wp-json\/wp\/v2\/media\/42576"}],"wp:attachment":[{"href":"https:\/\/www.lintelligentdabidjan.info\/news\/wp-json\/wp\/v2\/media?parent=42575"}],"wp:term":[{"taxonomy":"category","embeddable":true,"href":"https:\/\/www.lintelligentdabidjan.info\/news\/wp-json\/wp\/v2\/categories?post=42575"},{"taxonomy":"post_tag","embeddable":true,"href":"https:\/\/www.lintelligentdabidjan.info\/news\/wp-json\/wp\/v2\/tags?post=42575"}],"curies":[{"name":"wp","href":"https:\/\/api.w.org\/{rel}","templated":true}]}}