{"id":42579,"date":"2026-03-03T05:22:17","date_gmt":"2026-03-03T04:22:17","guid":{"rendered":"https:\/\/www.lintelligentdabidjan.info\/news\/?p=42579"},"modified":"2026-03-03T05:22:44","modified_gmt":"2026-03-03T04:22:44","slug":"grammaire-normative-et-prescriptivedr-irie-lou-brigitte-prone-la-tolerance-zero-contre-les-fautes","status":"publish","type":"post","link":"https:\/\/www.lintelligentdabidjan.info\/news\/grammaire-normative-et-prescriptivedr-irie-lou-brigitte-prone-la-tolerance-zero-contre-les-fautes\/","title":{"rendered":"Grammaire normative et prescriptive:Dr Iri\u00e9 Lou Brigitte pr\u00f4ne la tol\u00e9rance z\u00e9ro contre les fautes"},"content":{"rendered":"<p><strong>Docteure d\u2019\u00c9tat en grammaire normative et prescriptive, Dr Iri\u00e9 Lou Brigitte a lanc\u00e9 un appel ferme \u00e0 la rigueur linguistique aupr\u00e8s de l\u2019ensemble des acteurs du syst\u00e8me \u00e9ducatif. Elle intervenait \u00e0 l\u2019occasion de la c\u00e9r\u00e9monie de d\u00e9dicace-bilan de deux de ses ouvrages, organis\u00e9e \u00e0 l\u2019\u00c9cole primaire publique Sadjro Danho Pierre, \u00e0 Abidjan-Abobo-Baoul\u00e9 le vendredi 27 f\u00e9vrier 2026 .<\/strong><\/p>\n<p><strong>Deux ouvrages pour structurer l\u2019enseignement du fran\u00e7ais<\/strong><\/p>\n<p>L\u2019enseignante-chercheure a pr\u00e9sent\u00e9 La dict\u00e9e s\u00e9quentielle de r\u00e9f\u00e9rence, tome 2, et La p\u00e9dagogie et la didactique de la grammaire normative-prescriptive de l\u2019oral, tome 2.<\/p>\n<p>Selon l\u2019auteure, La dict\u00e9e s\u00e9quentielle de r\u00e9f\u00e9rence propose une m\u00e9thode structur\u00e9e d\u2019enseignement de la grammaire \u00e0 travers trois milieux d\u2019apprentissage : la famille, consid\u00e9r\u00e9e comme premier cadre \u00e9ducatif ; l\u2019\u00e9cole, deuxi\u00e8me espace de formation ; et l\u2019environnement social, troisi\u00e8me vecteur d\u2019acquisition linguistique. L\u2019ouvrage expose une progression p\u00e9dagogique destin\u00e9e \u00e0 initier l\u2019apprenant \u00e0 la grammaire normative et prescriptive, de la maternelle \u00e0 l\u2019universit\u00e9.<\/p>\n<p>Le second volume, centr\u00e9 sur la p\u00e9dagogie de l\u2019oral, s\u2019adresse aux m\u00eames milieux. Il traite de l\u2019enseignement du mot, de la structuration orale et de l\u2019expression orale, avec une approche m\u00e9thodique et gradu\u00e9e.<\/p>\n<p><strong>Une approche p\u00e9dagogique globale et int\u00e9gr\u00e9e<\/strong><\/p>\n<p>Pour Dr Iri\u00e9 Lou Brigitte, l\u2019\u00e9l\u00e8ve se construit simultan\u00e9ment dans ces trois sph\u00e8res. Ses ouvrages visent ainsi \u00e0 harmoniser l\u2019enseignement de la grammaire, de l\u2019oral \u00e0 l\u2019\u00e9crit, en mettant l\u2019accent sur la m\u00e9thode, la ma\u00eetrise des mots usuels et la correction des fautes r\u00e9currentes. Chaque volume est assorti d\u2019exercices adapt\u00e9s aux diff\u00e9rents niveaux d\u2019apprentissage.<\/p>\n<p><strong>Rappels de r\u00e8gles grammaticales<\/strong><\/p>\n<p>Illustrant son propos, la sp\u00e9cialiste a rappel\u00e9 que l\u2019instituteur pose les bases du savoir d\u00e8s le cours pr\u00e9paratoire, comparant cet apprentissage aux fondations d\u2019une maison.<\/p>\n<p>Parlant des\u00a0 adjectifs de couleur compos\u00e9s, elle a indiqu\u00e9 qu\u2019on dit \u00ab la toge vert-blanc \u00bb et non \u00ab la toge verte-blanche \u00bb.<\/p>\n<p>\u00c0 travers cette initiative, Dr Iri\u00e9 Lou Brigitte entend promouvoir une culture de l\u2019excellence linguistique et instaurer, selon ses termes, une \u00ab tol\u00e9rance z\u00e9ro \u00bb face aux fautes grammaticales.<\/p>\n<p><strong>Mamadou Ouattara<\/strong><\/p>\n<p>&nbsp;<\/p>\n<p>&nbsp;<\/p>\n<p>&nbsp;<\/p>\n<p>&nbsp;<\/p>\n<p>&nbsp;<\/p>\n<p>&nbsp;<\/p>\n","protected":false},"excerpt":{"rendered":"<p>Docteure d\u2019\u00c9tat en grammaire normative et prescriptive, Dr Iri\u00e9 Lou Brigitte a lanc\u00e9 un appel ferme \u00e0 la rigueur linguistique aupr\u00e8s de l\u2019ensemble des acteurs du syst\u00e8me \u00e9ducatif. Elle intervenait \u00e0 l\u2019occasion de la c\u00e9r\u00e9monie de d\u00e9dicace-bilan de deux de ses ouvrages, organis\u00e9e \u00e0 l\u2019\u00c9cole primaire publique Sadjro Danho Pierre, \u00e0 Abidjan-Abobo-Baoul\u00e9 le vendredi 27 [&hellip;]<\/p>\n","protected":false},"author":4,"featured_media":42580,"comment_status":"closed","ping_status":"closed","sticky":false,"template":"","format":"standard","meta":{"_monsterinsights_skip_tracking":false,"_monsterinsights_sitenote_active":false,"_monsterinsights_sitenote_note":"","_monsterinsights_sitenote_category":0,"footnotes":""},"categories":[2,20],"tags":[7242,7240,7243,7241,5538],"class_list":["post-42579","post","type-post","status-publish","format-standard","has-post-thumbnail","hentry","category-featured","category-art-et-culture","tag-dr-irie-lou-brigitte","tag-grammaire-normative","tag-les-fautes","tag-prescriptive","tag-tolerance-zero"],"_links":{"self":[{"href":"https:\/\/www.lintelligentdabidjan.info\/news\/wp-json\/wp\/v2\/posts\/42579","targetHints":{"allow":["GET"]}}],"collection":[{"href":"https:\/\/www.lintelligentdabidjan.info\/news\/wp-json\/wp\/v2\/posts"}],"about":[{"href":"https:\/\/www.lintelligentdabidjan.info\/news\/wp-json\/wp\/v2\/types\/post"}],"author":[{"embeddable":true,"href":"https:\/\/www.lintelligentdabidjan.info\/news\/wp-json\/wp\/v2\/users\/4"}],"replies":[{"embeddable":true,"href":"https:\/\/www.lintelligentdabidjan.info\/news\/wp-json\/wp\/v2\/comments?post=42579"}],"version-history":[{"count":1,"href":"https:\/\/www.lintelligentdabidjan.info\/news\/wp-json\/wp\/v2\/posts\/42579\/revisions"}],"predecessor-version":[{"id":42581,"href":"https:\/\/www.lintelligentdabidjan.info\/news\/wp-json\/wp\/v2\/posts\/42579\/revisions\/42581"}],"wp:featuredmedia":[{"embeddable":true,"href":"https:\/\/www.lintelligentdabidjan.info\/news\/wp-json\/wp\/v2\/media\/42580"}],"wp:attachment":[{"href":"https:\/\/www.lintelligentdabidjan.info\/news\/wp-json\/wp\/v2\/media?parent=42579"}],"wp:term":[{"taxonomy":"category","embeddable":true,"href":"https:\/\/www.lintelligentdabidjan.info\/news\/wp-json\/wp\/v2\/categories?post=42579"},{"taxonomy":"post_tag","embeddable":true,"href":"https:\/\/www.lintelligentdabidjan.info\/news\/wp-json\/wp\/v2\/tags?post=42579"}],"curies":[{"name":"wp","href":"https:\/\/api.w.org\/{rel}","templated":true}]}}