{"id":42587,"date":"2026-03-03T05:40:39","date_gmt":"2026-03-03T04:40:39","guid":{"rendered":"https:\/\/www.lintelligentdabidjan.info\/news\/?p=42587"},"modified":"2026-03-03T05:40:59","modified_gmt":"2026-03-03T04:40:59","slug":"bouake-format-service-mobilise-300-000-fcfa-de-dons-pour-les-bebes-et-malades-mentaux","status":"publish","type":"post","link":"https:\/\/www.lintelligentdabidjan.info\/news\/bouake-format-service-mobilise-300-000-fcfa-de-dons-pour-les-bebes-et-malades-mentaux\/","title":{"rendered":"Bouak\u00e9 : Format-Service mobilise 300 000 FCFA de dons pour les b\u00e9b\u00e9s et malades mentaux"},"content":{"rendered":"<p><strong>La structure Format-Service a proc\u00e9d\u00e9, vendredi 27 f\u00e9vrier 2026, \u00e0 une remise de dons \u00e0 la Maison des b\u00e9b\u00e9s de N\u2019Guattakro et \u00e0 l\u2019H\u00f4pital Saint Camille de Bouak\u00e9, situ\u00e9 au quartier Nimbo. Cette action sociale, \u00e0 sa deuxi\u00e8me \u00e9dition, vise \u00e0 soutenir les personnes vuln\u00e9rables en cette p\u00e9riode marqu\u00e9e par le car\u00eame chr\u00e9tien et le je\u00fbne musulman.<\/strong><\/p>\n<p>Sp\u00e9cialis\u00e9e dans les m\u00e9tiers de la communication, la structure a mobilis\u00e9 ses membres et partenaires pour constituer une caravane de vivres et de non-vivres d\u2019une valeur estim\u00e9e \u00e0 plus de 300 000 FCFA. Les dons comprenaient notamment du riz, des p\u00e2tes alimentaires, du sucre, de l\u2019huile, du lait, du savon, de l\u2019eau de javel et des v\u00eatements.<\/p>\n<p>Selon son responsable, Coulibaly Nambac\u00e9r\u00e9 Jo\u00ebl, cette initiative s\u2019inscrit dans un esprit de solidarit\u00e9.<\/p>\n<p>\u00ab En cette p\u00e9riode de car\u00eame chr\u00e9tien et de je\u00fbne musulman, il est important de venir en aide aux plus d\u00e9munis afin de les soulager et de leur redonner le sourire. Ces b\u00e9b\u00e9s et ces pensionnaires ne peuvent pas se prendre totalement en charge \u00bb, a-t-il d\u00e9clar\u00e9, exprimant sa gratitude aux donateurs et partenaires.<\/p>\n<p><strong>Une action salu\u00e9e par les b\u00e9n\u00e9ficiaires<\/strong><\/p>\n<p>\u00c0 l\u2019H\u00f4pital Saint Camille, la responsable du centre, Mme Som\u00e9 Marie-Odile, a salu\u00e9 ce geste de g\u00e9n\u00e9rosit\u00e9, soulignant l\u2019importance d\u2019un tel soutien pour des pensionnaires souvent marginalis\u00e9s. \u00ab Ce n\u2019est pas donn\u00e9 \u00e0 tout le monde de penser \u00e0 ces personnes-l\u00e0 \u00bb, a-t-elle affirm\u00e9.<\/p>\n<p>Face aux d\u00e9fis mat\u00e9riels et financiers, le centre a lanc\u00e9 un appel \u00e0 la solidarit\u00e9 communautaire afin de poursuivre sa mission d\u2019accompagnement.<\/p>\n<p>Cr\u00e9\u00e9e en 2023, Format-Service \u0153uvre dans la formation aux m\u00e9tiers de la communication \u00e0 Bouak\u00e9 et entend p\u00e9renniser cette action sociale au profit des personnes en situation de d\u00e9tresse.<\/p>\n<p><strong>Ouattara Mamadou\u00a0<\/strong><\/p>\n<p>&nbsp;<\/p>\n<p>&nbsp;<\/p>\n<p>&nbsp;<\/p>\n","protected":false},"excerpt":{"rendered":"<p>La structure Format-Service a proc\u00e9d\u00e9, vendredi 27 f\u00e9vrier 2026, \u00e0 une remise de dons \u00e0 la Maison des b\u00e9b\u00e9s de N\u2019Guattakro et \u00e0 l\u2019H\u00f4pital Saint Camille de Bouak\u00e9, situ\u00e9 au quartier Nimbo. Cette action sociale, \u00e0 sa deuxi\u00e8me \u00e9dition, vise \u00e0 soutenir les personnes vuln\u00e9rables en cette p\u00e9riode marqu\u00e9e par le car\u00eame chr\u00e9tien et le [&hellip;]<\/p>\n","protected":false},"author":4,"featured_media":42588,"comment_status":"closed","ping_status":"closed","sticky":false,"template":"","format":"standard","meta":{"_monsterinsights_skip_tracking":false,"_monsterinsights_sitenote_active":false,"_monsterinsights_sitenote_note":"","_monsterinsights_sitenote_category":0,"footnotes":""},"categories":[2,3],"tags":[125,1115,6870,7250,7251],"class_list":["post-42587","post","type-post","status-publish","format-standard","has-post-thumbnail","hentry","category-featured","category-societe","tag-bouake","tag-dons","tag-format-service","tag-les-bebes","tag-malades-mentaux"],"_links":{"self":[{"href":"https:\/\/www.lintelligentdabidjan.info\/news\/wp-json\/wp\/v2\/posts\/42587","targetHints":{"allow":["GET"]}}],"collection":[{"href":"https:\/\/www.lintelligentdabidjan.info\/news\/wp-json\/wp\/v2\/posts"}],"about":[{"href":"https:\/\/www.lintelligentdabidjan.info\/news\/wp-json\/wp\/v2\/types\/post"}],"author":[{"embeddable":true,"href":"https:\/\/www.lintelligentdabidjan.info\/news\/wp-json\/wp\/v2\/users\/4"}],"replies":[{"embeddable":true,"href":"https:\/\/www.lintelligentdabidjan.info\/news\/wp-json\/wp\/v2\/comments?post=42587"}],"version-history":[{"count":1,"href":"https:\/\/www.lintelligentdabidjan.info\/news\/wp-json\/wp\/v2\/posts\/42587\/revisions"}],"predecessor-version":[{"id":42589,"href":"https:\/\/www.lintelligentdabidjan.info\/news\/wp-json\/wp\/v2\/posts\/42587\/revisions\/42589"}],"wp:featuredmedia":[{"embeddable":true,"href":"https:\/\/www.lintelligentdabidjan.info\/news\/wp-json\/wp\/v2\/media\/42588"}],"wp:attachment":[{"href":"https:\/\/www.lintelligentdabidjan.info\/news\/wp-json\/wp\/v2\/media?parent=42587"}],"wp:term":[{"taxonomy":"category","embeddable":true,"href":"https:\/\/www.lintelligentdabidjan.info\/news\/wp-json\/wp\/v2\/categories?post=42587"},{"taxonomy":"post_tag","embeddable":true,"href":"https:\/\/www.lintelligentdabidjan.info\/news\/wp-json\/wp\/v2\/tags?post=42587"}],"curies":[{"name":"wp","href":"https:\/\/api.w.org\/{rel}","templated":true}]}}