{"id":42600,"date":"2026-03-04T05:43:34","date_gmt":"2026-03-04T04:43:34","guid":{"rendered":"https:\/\/www.lintelligentdabidjan.info\/news\/?p=42600"},"modified":"2026-03-04T05:44:15","modified_gmt":"2026-03-04T04:44:15","slug":"mutuelle-generale-de-developpement-dabikro-etienne-koffi-yao-elu-nouveau-president","status":"publish","type":"post","link":"https:\/\/www.lintelligentdabidjan.info\/news\/mutuelle-generale-de-developpement-dabikro-etienne-koffi-yao-elu-nouveau-president\/","title":{"rendered":"Mutuelle G\u00e9n\u00e9rale de D\u00e9veloppement d\u2019Abikro: \u00c9tienne Koffi Yao \u00e9lu nouveau pr\u00e9sident"},"content":{"rendered":"<p><strong>Les ressortissants d\u2019Abikro, village Goly situ\u00e9 dans la sous-pr\u00e9fecture de Bodokro, intensifient les pr\u00e9paratifs de la f\u00eate de P\u00e2ques pr\u00e9vue les 4, 5 et 6 avril 2026 . Ce rendez-vous annuel, devenu un temps fort de coh\u00e9sion et de r\u00e9flexion collective, r\u00e9unira filles et fils du village autour de plusieurs questions majeures li\u00e9es au d\u00e9veloppement local.<\/strong><\/p>\n<p>&nbsp;<\/p>\n<p>En pr\u00e9lude \u00e0 ces festivit\u00e9s, les membres de la Mutuelle G\u00e9n\u00e9rale de D\u00e9veloppement d\u2019Abikro (MUGEDA) ont tenu une assembl\u00e9e g\u00e9n\u00e9rale au cours de laquelle ils ont proc\u00e9d\u00e9 \u00e0 l\u2019\u00e9lection d\u2019un nouveau pr\u00e9sident. \u00c0 l\u2019issue du scrutin, \u00c9tienne Koffi Yao Kan, fonctionnaire international exer\u00e7ant au sein d\u2019un organisme de la sous-r\u00e9gion ouest-africaine, a \u00e9t\u00e9 port\u00e9 \u00e0 la t\u00eate de l\u2019organisation.<\/p>\n<p>&nbsp;<\/p>\n<p>Cette \u00e9lection marque une nouvelle \u00e9tape pour la mutuelle, qui entend renforcer sa dynamique d\u2019action en faveur du d\u00e9veloppement socio-\u00e9conomique d\u2019Abikro. Sous la conduite de son nouveau pr\u00e9sident, la MUGEDA affiche l\u2019ambition de consolider les acquis et d\u2019impulser de nouveaux projets structurants au b\u00e9n\u00e9fice des populations locales.<\/p>\n<p>&nbsp;<\/p>\n<p>Les membres, commun\u00e9ment appel\u00e9s \u00ab Abikrofou\u00e8s \u00bb, se disent confiants quant \u00e0 l\u2019avenir de leur village et d\u00e9termin\u00e9s \u00e0 conjuguer leurs efforts pour am\u00e9liorer les conditions de vie des habitants. La f\u00eate de P\u00e2ques offrira ainsi un cadre privil\u00e9gi\u00e9 pour dresser le bilan des initiatives engag\u00e9es, d\u00e9finir de nouvelles priorit\u00e9s et mobiliser davantage la diaspora autour des enjeux communautaires.<\/p>\n<p>&nbsp;<\/p>\n<p>Prenant la parole \u00e0 l\u2019issue de son \u00e9lection, \u00c9tienne Koffi Yao Kan a exprim\u00e9 sa gratitude \u00e0 l\u2019endroit des mutualistes : \u00ab Je remercie tous mes fr\u00e8res et s\u0153urs qui m\u2019ont port\u00e9 \u00e0 la t\u00eate de notre mutuelle. Nous avons de grandes ambitions et, ensemble, nous accomplirons de grandes choses pour notre village. \u00bb<\/p>\n<p>&nbsp;<\/p>\n<p>Il a, par ailleurs, invit\u00e9 l\u2019ensemble des ressortissants et sympathisants d\u2019Abikro \u00e0 se mobiliser massivement pour les festivit\u00e9s pascales, pr\u00e9sent\u00e9es comme un moment de fraternit\u00e9, de solidarit\u00e9 et de projection vers un avenir prometteur pour le village.<\/p>\n<p>&nbsp;<\/p>\n<p><strong>Mamadou Ouattara avec Ly Abdoul<\/strong><\/p>\n<p>&nbsp;<\/p>\n<p>&nbsp;<\/p>\n<p>&nbsp;<\/p>\n<p>&nbsp;<\/p>\n","protected":false},"excerpt":{"rendered":"<p>Les ressortissants d\u2019Abikro, village Goly situ\u00e9 dans la sous-pr\u00e9fecture de Bodokro, intensifient les pr\u00e9paratifs de la f\u00eate de P\u00e2ques pr\u00e9vue les 4, 5 et 6 avril 2026 . Ce rendez-vous annuel, devenu un temps fort de coh\u00e9sion et de r\u00e9flexion collective, r\u00e9unira filles et fils du village autour de plusieurs questions majeures li\u00e9es au d\u00e9veloppement [&hellip;]<\/p>\n","protected":false},"author":4,"featured_media":42601,"comment_status":"closed","ping_status":"closed","sticky":false,"template":"","format":"standard","meta":{"_monsterinsights_skip_tracking":false,"_monsterinsights_sitenote_active":false,"_monsterinsights_sitenote_note":"","_monsterinsights_sitenote_category":0,"footnotes":""},"categories":[2,3],"tags":[7258,7257,2663],"class_list":["post-42600","post","type-post","status-publish","format-standard","has-post-thumbnail","hentry","category-featured","category-societe","tag-etienne-koffi-yao","tag-mutuelle-generale-de-developpement-dabikro","tag-nouveau-president"],"_links":{"self":[{"href":"https:\/\/www.lintelligentdabidjan.info\/news\/wp-json\/wp\/v2\/posts\/42600","targetHints":{"allow":["GET"]}}],"collection":[{"href":"https:\/\/www.lintelligentdabidjan.info\/news\/wp-json\/wp\/v2\/posts"}],"about":[{"href":"https:\/\/www.lintelligentdabidjan.info\/news\/wp-json\/wp\/v2\/types\/post"}],"author":[{"embeddable":true,"href":"https:\/\/www.lintelligentdabidjan.info\/news\/wp-json\/wp\/v2\/users\/4"}],"replies":[{"embeddable":true,"href":"https:\/\/www.lintelligentdabidjan.info\/news\/wp-json\/wp\/v2\/comments?post=42600"}],"version-history":[{"count":1,"href":"https:\/\/www.lintelligentdabidjan.info\/news\/wp-json\/wp\/v2\/posts\/42600\/revisions"}],"predecessor-version":[{"id":42602,"href":"https:\/\/www.lintelligentdabidjan.info\/news\/wp-json\/wp\/v2\/posts\/42600\/revisions\/42602"}],"wp:featuredmedia":[{"embeddable":true,"href":"https:\/\/www.lintelligentdabidjan.info\/news\/wp-json\/wp\/v2\/media\/42601"}],"wp:attachment":[{"href":"https:\/\/www.lintelligentdabidjan.info\/news\/wp-json\/wp\/v2\/media?parent=42600"}],"wp:term":[{"taxonomy":"category","embeddable":true,"href":"https:\/\/www.lintelligentdabidjan.info\/news\/wp-json\/wp\/v2\/categories?post=42600"},{"taxonomy":"post_tag","embeddable":true,"href":"https:\/\/www.lintelligentdabidjan.info\/news\/wp-json\/wp\/v2\/tags?post=42600"}],"curies":[{"name":"wp","href":"https:\/\/api.w.org\/{rel}","templated":true}]}}