{"id":42610,"date":"2026-03-05T04:35:32","date_gmt":"2026-03-05T03:35:32","guid":{"rendered":"https:\/\/www.lintelligentdabidjan.info\/news\/?p=42610"},"modified":"2026-03-05T04:35:40","modified_gmt":"2026-03-05T03:35:40","slug":"sila-2026-le-livre-et-la-lecture-eriges-en-causes-nationales","status":"publish","type":"post","link":"https:\/\/www.lintelligentdabidjan.info\/news\/sila-2026-le-livre-et-la-lecture-eriges-en-causes-nationales\/","title":{"rendered":"SILA 2026: Le livre et la lecture \u00e9rig\u00e9s en causes nationales"},"content":{"rendered":"<p><strong>La 16e \u00e9dition du Salon international du livre d\u2019Abidjan (Sila) a \u00e9t\u00e9 lanc\u00e9e le mardi 3 mars 2026 \u00e0 Abidjan. \u00c0 cette occasion, son commissaire g\u00e9n\u00e9ral, Anges F\u00e9lix N\u2019Dakpri, a appel\u00e9 \u00e0 \u00e9riger le livre et la lecture en causes nationales, plaidant pour une mobilisation g\u00e9n\u00e9rale.<\/strong><\/p>\n<p>Pr\u00e9vue du 28 avril au 2 mai 2026 au Parc des expositions d\u2019Abidjan-Port-Bou\u00ebt, cette \u00e9dition est parrain\u00e9e, pour la troisi\u00e8me ann\u00e9e cons\u00e9cutive, par Ally Coulibaly, Grand Chancelier de l\u2019Ordre national. Elle est plac\u00e9e sous la pr\u00e9sidence de Fran\u00e7oise Remarck, ministre de la Culture et de la Francophonie, autour du th\u00e8me : \u00ab Lire pour b\u00e2tir \u00bb. L\u2019\u00e9crivain Maurice Kouakou Bandaman est l\u2019auteur \u00e0 l\u2019honneur. Le Liban est le pays invit\u00e9, tandis que\u00a0 Bouak\u00e9, la ville h\u00f4te accueillera une d\u00e9centralisation de l\u2019\u00e9v\u00e9nement.<\/p>\n<p><strong>Une nation qui lit d\u00e9cide<\/strong><\/p>\n<p>\u00ab Le Sila 2026 ne sera pas une simple foire commerciale \u00bb, a affirm\u00e9 Anges F\u00e9lix N\u2019Dakpri. \u00ab Une nation qui lit est une nation qui d\u00e9cide, qui invente et qui \u00e9crit son histoire. \u00bb Pour lui, faire de la lecture une cause nationale implique tous les acteurs de la soci\u00e9t\u00e9,\u00a0 entrepreneurs, \u00e9tudiants, paysans et d\u00e9cideurs\u00a0 et constitue un pr\u00e9alable au d\u00e9veloppement durable. Le commissaire g\u00e9n\u00e9ral a assur\u00e9 que les insuffisances relev\u00e9es lors de l\u2019\u00e9dition 2025 ont \u00e9t\u00e9 prises en compte, annon\u00e7ant notamment le retour de l\u2019\u00e9v\u00e9nement dans le hall\u00a0 du Parc des expositions.<\/p>\n<p><strong>Une ouverture internationale affirm\u00e9e<\/strong><\/p>\n<p>Charles Pemont, pr\u00e9sident de l\u2019Association des \u00e9diteurs de C\u00f4te d\u2019Ivoire (Assedi), a salu\u00e9 une initiative port\u00e9e par sa structure, appelant \u00e0 faire de cette 16e \u00e9dition \u00ab la meilleure de tous les temps \u00bb.<\/p>\n<p>De son c\u00f4t\u00e9, H\u00e9l\u00e8ne Lob\u00e9, pr\u00e9sidente de l\u2019Association des \u00e9crivains de C\u00f4te d\u2019Ivoire (Aeci), s\u2019est f\u00e9licit\u00e9e du choix du Liban comme pays invit\u00e9, souhaitant un renforcement des liens culturels entre les deux nations.<\/p>\n<p>Ha\u00efdar Salman, pr\u00e9sident de l\u2019Union Libanaise Culturelle Mondiale (ULCM), a promis une participation significative des acteurs du livre libanais, accompagn\u00e9e d\u2019une vitrine gastronomique.<\/p>\n<p>&nbsp;<\/p>\n<p><strong>Mamadou Ouattara<\/strong><\/p>\n<p>&nbsp;<\/p>\n","protected":false},"excerpt":{"rendered":"<p>La 16e \u00e9dition du Salon international du livre d\u2019Abidjan (Sila) a \u00e9t\u00e9 lanc\u00e9e le mardi 3 mars 2026 \u00e0 Abidjan. \u00c0 cette occasion, son commissaire g\u00e9n\u00e9ral, Anges F\u00e9lix N\u2019Dakpri, a appel\u00e9 \u00e0 \u00e9riger le livre et la lecture en causes nationales, plaidant pour une mobilisation g\u00e9n\u00e9rale. Pr\u00e9vue du 28 avril au 2 mai 2026 au [&hellip;]<\/p>\n","protected":false},"author":4,"featured_media":42611,"comment_status":"closed","ping_status":"closed","sticky":false,"template":"","format":"standard","meta":{"_monsterinsights_skip_tracking":false,"_monsterinsights_sitenote_active":false,"_monsterinsights_sitenote_note":"","_monsterinsights_sitenote_category":0,"footnotes":""},"categories":[2,20],"tags":[7264,7263,7262,7261],"class_list":["post-42610","post","type-post","status-publish","format-standard","has-post-thumbnail","hentry","category-featured","category-art-et-culture","tag-causes-nationales","tag-la-lecture-eriges","tag-le-livre","tag-sila-2026"],"_links":{"self":[{"href":"https:\/\/www.lintelligentdabidjan.info\/news\/wp-json\/wp\/v2\/posts\/42610","targetHints":{"allow":["GET"]}}],"collection":[{"href":"https:\/\/www.lintelligentdabidjan.info\/news\/wp-json\/wp\/v2\/posts"}],"about":[{"href":"https:\/\/www.lintelligentdabidjan.info\/news\/wp-json\/wp\/v2\/types\/post"}],"author":[{"embeddable":true,"href":"https:\/\/www.lintelligentdabidjan.info\/news\/wp-json\/wp\/v2\/users\/4"}],"replies":[{"embeddable":true,"href":"https:\/\/www.lintelligentdabidjan.info\/news\/wp-json\/wp\/v2\/comments?post=42610"}],"version-history":[{"count":1,"href":"https:\/\/www.lintelligentdabidjan.info\/news\/wp-json\/wp\/v2\/posts\/42610\/revisions"}],"predecessor-version":[{"id":42612,"href":"https:\/\/www.lintelligentdabidjan.info\/news\/wp-json\/wp\/v2\/posts\/42610\/revisions\/42612"}],"wp:featuredmedia":[{"embeddable":true,"href":"https:\/\/www.lintelligentdabidjan.info\/news\/wp-json\/wp\/v2\/media\/42611"}],"wp:attachment":[{"href":"https:\/\/www.lintelligentdabidjan.info\/news\/wp-json\/wp\/v2\/media?parent=42610"}],"wp:term":[{"taxonomy":"category","embeddable":true,"href":"https:\/\/www.lintelligentdabidjan.info\/news\/wp-json\/wp\/v2\/categories?post=42610"},{"taxonomy":"post_tag","embeddable":true,"href":"https:\/\/www.lintelligentdabidjan.info\/news\/wp-json\/wp\/v2\/tags?post=42610"}],"curies":[{"name":"wp","href":"https:\/\/api.w.org\/{rel}","templated":true}]}}