{"id":42613,"date":"2026-03-05T04:41:47","date_gmt":"2026-03-05T03:41:47","guid":{"rendered":"https:\/\/www.lintelligentdabidjan.info\/news\/?p=42613"},"modified":"2026-03-05T04:42:00","modified_gmt":"2026-03-05T03:42:00","slug":"blanchiment-de-capitaux-condamne-a-7-ans-de-prison-lex-daf-de-la-snedai-fait-opposition","status":"publish","type":"post","link":"https:\/\/www.lintelligentdabidjan.info\/news\/blanchiment-de-capitaux-condamne-a-7-ans-de-prison-lex-daf-de-la-snedai-fait-opposition\/","title":{"rendered":"Blanchiment de capitaux:  Condamn\u00e9 \u00e0 7 ans de prison\u00a0 , l\u2019ex-DAF de la SNEDAI fait opposition"},"content":{"rendered":"<p><strong>Le P\u00f4le p\u00e9nal \u00e9conomique et financier (PPEF) a examin\u00e9, mercredi 4 mars 2026, l\u2019opposition form\u00e9e par N\u2019da Kouam\u00e9 Hive, ancien directeur des affaires financi\u00e8res de la Soci\u00e9t\u00e9 nationale d\u2019\u00e9dition de documents administratifs et d\u2019identification (SNEDAI), contre la condamnation prononc\u00e9e d\u00e9but f\u00e9vrier 2026.<\/strong><\/p>\n<p>Jug\u00e9 par d\u00e9faut, l\u2019ex-DAF a \u00e9t\u00e9 condamn\u00e9 \u00e0 sept ans d\u2019emprisonnement ferme et \u00e0 une amende de 5,538 milliards de FCFA pour association de malfaiteurs, faux en \u00e9critures, abus de biens sociaux et blanchiment de capitaux, aux c\u00f4t\u00e9s d\u2019autres agents de la soci\u00e9t\u00e9.<\/p>\n<p>Son avocat, Me Amani Kouam\u00e9, a annonc\u00e9 que son client entend revenir en C\u00f4te d\u2019Ivoire pour compara\u00eetre : \u00ab Mon client a d\u00e9cid\u00e9 de rentrer dans son pays pour donner sa part de v\u00e9rit\u00e9, quel que soit ce que cela peut lui co\u00fbter \u00bb, a-t-il d\u00e9clar\u00e9, pr\u00e9cisant que les d\u00e9marches en vue de ce retour sont en cours.<\/p>\n<p>Le tribunal a fix\u00e9 au 8 avril 2026 l\u2019ouverture de ce nouveau proc\u00e8s. Le parquet a pris acte de cette annonce. \u00ab Nous souhaitons qu\u2019il rentre pour que nous sachions ce qui s\u2019est pass\u00e9 \u00bb, a indiqu\u00e9 le procureur de la R\u00e9publique pr\u00e8s le PPEF.<\/p>\n<p><strong>Des peines de prison prononc\u00e9es contre des orpailleurs ill\u00e9gaux<\/strong><\/p>\n<p>Le m\u00eame jour, le tribunal des flagrants d\u00e9lits du PPEF a jug\u00e9 douze pr\u00e9venus poursuivis pour exploitation de substances min\u00e9rales sans titre minier, prospection, recherche, exploitation et commercialisation de pierres et m\u00e9taux pr\u00e9cieux, en violation des articles 340 et 352 du Code p\u00e9nal.<\/p>\n<p>Dans une premi\u00e8re affaire, trois personnes interpell\u00e9es dans la sous-pr\u00e9fecture de Sirasso ont ni\u00e9 les faits. \u00abIls ont \u00e9t\u00e9 interpell\u00e9s sur un site d\u2019orpaillage ill\u00e9gal, dans la sous-pr\u00e9fecture de Sirasso. Lors de l\u2019enqu\u00eate pr\u00e9liminaire, ils ont reconnu qu\u2019ils sont des orpailleurs, mais devant cet auguste Tribunal, ils reviennent sur leurs d\u00e9clarations, ils vacillent. En raison de ces divergences qui montrent que les faits pour lesquels ils sont poursuivis sont caract\u00e9ris\u00e9s, qu\u2019il plaise au Tribunal de les d\u00e9clarer coupables, les condamner \u00e0 12 mois de prison et les amendes \u00e0 leur d\u00e9pens \u00bb, a requis le parquet. Les pr\u00e9venus ont plaid\u00e9 : \u00ab Nous demandons la cl\u00e9mence du Tribunal, nous ne sommes pas des orpailleurs \u00bb. Le tribunal les a relax\u00e9s pour d\u00e9lits non constitu\u00e9s.<\/p>\n<p>En revanche, dans une seconde affaire concernant huit personnes arr\u00eat\u00e9es \u00e0 Angbovia, dans le Centre-Ouest, quatre pr\u00e9venus ont \u00e9t\u00e9 reconnus coupables d\u2019orpaillage ill\u00e9gal et condamn\u00e9s \u00e0 24 mois de prison. Les autres ont \u00e9t\u00e9 acquitt\u00e9s, le tribunal estimant qu\u2019ils travaillaient dans une p\u00e9pini\u00e8re de cacao situ\u00e9e \u00e0 proximit\u00e9 du fleuve Bandama.<\/p>\n<p><strong>Olivier Dion<\/strong><\/p>\n<p>&nbsp;<\/p>\n","protected":false},"excerpt":{"rendered":"<p>Le P\u00f4le p\u00e9nal \u00e9conomique et financier (PPEF) a examin\u00e9, mercredi 4 mars 2026, l\u2019opposition form\u00e9e par N\u2019da Kouam\u00e9 Hive, ancien directeur des affaires financi\u00e8res de la Soci\u00e9t\u00e9 nationale d\u2019\u00e9dition de documents administratifs et d\u2019identification (SNEDAI), contre la condamnation prononc\u00e9e d\u00e9but f\u00e9vrier 2026. Jug\u00e9 par d\u00e9faut, l\u2019ex-DAF a \u00e9t\u00e9 condamn\u00e9 \u00e0 sept ans d\u2019emprisonnement ferme et [&hellip;]<\/p>\n","protected":false},"author":4,"featured_media":42614,"comment_status":"closed","ping_status":"closed","sticky":false,"template":"","format":"standard","meta":{"_monsterinsights_skip_tracking":false,"_monsterinsights_sitenote_active":false,"_monsterinsights_sitenote_note":"","_monsterinsights_sitenote_category":0,"footnotes":""},"categories":[2,3],"tags":[7265,7266,7267,7268,649],"class_list":["post-42613","post","type-post","status-publish","format-standard","has-post-thumbnail","hentry","category-featured","category-societe","tag-blanchiment-de-capitaux","tag-condamne-a-7-ans-de-prison","tag-lex-daf","tag-la-snedai","tag-opposition"],"_links":{"self":[{"href":"https:\/\/www.lintelligentdabidjan.info\/news\/wp-json\/wp\/v2\/posts\/42613","targetHints":{"allow":["GET"]}}],"collection":[{"href":"https:\/\/www.lintelligentdabidjan.info\/news\/wp-json\/wp\/v2\/posts"}],"about":[{"href":"https:\/\/www.lintelligentdabidjan.info\/news\/wp-json\/wp\/v2\/types\/post"}],"author":[{"embeddable":true,"href":"https:\/\/www.lintelligentdabidjan.info\/news\/wp-json\/wp\/v2\/users\/4"}],"replies":[{"embeddable":true,"href":"https:\/\/www.lintelligentdabidjan.info\/news\/wp-json\/wp\/v2\/comments?post=42613"}],"version-history":[{"count":1,"href":"https:\/\/www.lintelligentdabidjan.info\/news\/wp-json\/wp\/v2\/posts\/42613\/revisions"}],"predecessor-version":[{"id":42615,"href":"https:\/\/www.lintelligentdabidjan.info\/news\/wp-json\/wp\/v2\/posts\/42613\/revisions\/42615"}],"wp:featuredmedia":[{"embeddable":true,"href":"https:\/\/www.lintelligentdabidjan.info\/news\/wp-json\/wp\/v2\/media\/42614"}],"wp:attachment":[{"href":"https:\/\/www.lintelligentdabidjan.info\/news\/wp-json\/wp\/v2\/media?parent=42613"}],"wp:term":[{"taxonomy":"category","embeddable":true,"href":"https:\/\/www.lintelligentdabidjan.info\/news\/wp-json\/wp\/v2\/categories?post=42613"},{"taxonomy":"post_tag","embeddable":true,"href":"https:\/\/www.lintelligentdabidjan.info\/news\/wp-json\/wp\/v2\/tags?post=42613"}],"curies":[{"name":"wp","href":"https:\/\/api.w.org\/{rel}","templated":true}]}}