{"id":42616,"date":"2026-03-05T04:46:01","date_gmt":"2026-03-05T03:46:01","guid":{"rendered":"https:\/\/www.lintelligentdabidjan.info\/news\/?p=42616"},"modified":"2026-03-05T04:46:08","modified_gmt":"2026-03-05T03:46:08","slug":"ramadan-et-caremepaul-dakuyo-apporte-un-soutien-alimentaire-aux-militants-du-rhdp","status":"publish","type":"post","link":"https:\/\/www.lintelligentdabidjan.info\/news\/ramadan-et-caremepaul-dakuyo-apporte-un-soutien-alimentaire-aux-militants-du-rhdp\/","title":{"rendered":"Ramadan et Car\u00eame:Paul Dakuyo apporte un soutien alimentaire aux militants du RHDP\u00a0\u00a0"},"content":{"rendered":"<p><strong>Dans un contexte marqu\u00e9 par le car\u00eame chr\u00e9tien et le je\u00fbne musulman, l\u2019honorable Paul Dakuyo, secr\u00e9taire d\u00e9partemental du Rassemblement des Houphou\u00ebtistes pour la d\u00e9mocratie et la paix (RHDP) de Belleville-Oli\u00e9nou, a proc\u00e9d\u00e9, mardi 3 mars 2026, \u00e0 une remise de vivres au profit des militants de sa circonscription, \u00e0 Bouak\u00e9.<\/strong><\/p>\n<p>La c\u00e9r\u00e9monie, organis\u00e9e au si\u00e8ge d\u00e9partemental du parti, a mobilis\u00e9 d\u00e9l\u00e9gu\u00e9s de sections, responsables de zones et militants. Au total, 8 tonnes de denr\u00e9es alimentaires,\u00a0 4 tonnes de riz et 4 tonnes de sucre ont \u00e9t\u00e9 distribu\u00e9es.<\/p>\n<p><strong>Un geste plac\u00e9 sous le signe de la solidarit\u00e9<\/strong><\/p>\n<p>Prenant la parole, Paul Dakuyo a inscrit cette initiative dans les valeurs de solidarit\u00e9 et de proximit\u00e9 pr\u00f4n\u00e9es par le parti au pouvoir.<\/p>\n<p>\u00ab En tant que premier responsable du RHDP \u00e0 Belleville-Oli\u00e9nou, il est tout \u00e0 fait normal d\u2019exprimer ma solidarit\u00e9 aux d\u00e9l\u00e9gu\u00e9s de secteurs et de zones qui font vivre notre formation politique au quotidien. Comme le recommande le Pr\u00e9sident de la R\u00e9publique, Alassane Ouattara, nous devons cultiver l\u2019entraide et la coh\u00e9sion. Ces vivres visent \u00e0 permettre \u00e0 nos militants d\u2019observer le je\u00fbne dans la s\u00e9r\u00e9nit\u00e9, sans inqui\u00e9tude li\u00e9e au minimum alimentaire \u00bb, a-t-il d\u00e9clar\u00e9.<\/p>\n<p>Au-del\u00e0 de l\u2019appui mat\u00e9riel, il a soulign\u00e9 la dimension symbolique de cette action, pr\u00e9sent\u00e9e comme une marque de reconnaissance envers les militants pour leur engagement constant.<\/p>\n<p>Le secr\u00e9taire d\u00e9partemental a salu\u00e9 la forte mobilisation des responsables de base lors des derni\u00e8res \u00e9ch\u00e9ances \u00e9lectorales.<\/p>\n<p>\u00ab Cette action est aussi une mani\u00e8re de leur dire merci pour leur engagement et leur loyaut\u00e9. Leur d\u00e9termination sur le terrain a largement contribu\u00e9 aux victoires enregistr\u00e9es par notre parti \u00bb, a-t-il affirm\u00e9.<\/p>\n<p>Il a enfin appel\u00e9 \u00e0 des pri\u00e8res pour la paix et la coh\u00e9sion nationale. Les b\u00e9n\u00e9ficiaires, \u00e0 l\u2019image de Sawadogo Issa, ont salu\u00e9 un geste \u00ab qui arrive \u00e0 point nomm\u00e9 \u00bb pour soulager de nombreux m\u00e9nages en cette p\u00e9riode de p\u00e9nitence.<\/p>\n<p>&nbsp;<\/p>\n<p><strong>Nambac\u00e9r\u00e9 Jo\u00ebl\u00a0<\/strong><\/p>\n<p>&nbsp;<\/p>\n<p>&nbsp;<\/p>\n","protected":false},"excerpt":{"rendered":"<p>Dans un contexte marqu\u00e9 par le car\u00eame chr\u00e9tien et le je\u00fbne musulman, l\u2019honorable Paul Dakuyo, secr\u00e9taire d\u00e9partemental du Rassemblement des Houphou\u00ebtistes pour la d\u00e9mocratie et la paix (RHDP) de Belleville-Oli\u00e9nou, a proc\u00e9d\u00e9, mardi 3 mars 2026, \u00e0 une remise de vivres au profit des militants de sa circonscription, \u00e0 Bouak\u00e9. La c\u00e9r\u00e9monie, organis\u00e9e au si\u00e8ge [&hellip;]<\/p>\n","protected":false},"author":4,"featured_media":42617,"comment_status":"closed","ping_status":"closed","sticky":false,"template":"","format":"standard","meta":{"_monsterinsights_skip_tracking":false,"_monsterinsights_sitenote_active":false,"_monsterinsights_sitenote_note":"","_monsterinsights_sitenote_category":0,"footnotes":""},"categories":[2,3],"tags":[7271,4548,7269,7270],"class_list":["post-42616","post","type-post","status-publish","format-standard","has-post-thumbnail","hentry","category-featured","category-societe","tag-militants-du-rhdp","tag-paul-dakuyo","tag-ramadan-et-careme","tag-un-soutien-alimentaire"],"_links":{"self":[{"href":"https:\/\/www.lintelligentdabidjan.info\/news\/wp-json\/wp\/v2\/posts\/42616","targetHints":{"allow":["GET"]}}],"collection":[{"href":"https:\/\/www.lintelligentdabidjan.info\/news\/wp-json\/wp\/v2\/posts"}],"about":[{"href":"https:\/\/www.lintelligentdabidjan.info\/news\/wp-json\/wp\/v2\/types\/post"}],"author":[{"embeddable":true,"href":"https:\/\/www.lintelligentdabidjan.info\/news\/wp-json\/wp\/v2\/users\/4"}],"replies":[{"embeddable":true,"href":"https:\/\/www.lintelligentdabidjan.info\/news\/wp-json\/wp\/v2\/comments?post=42616"}],"version-history":[{"count":1,"href":"https:\/\/www.lintelligentdabidjan.info\/news\/wp-json\/wp\/v2\/posts\/42616\/revisions"}],"predecessor-version":[{"id":42618,"href":"https:\/\/www.lintelligentdabidjan.info\/news\/wp-json\/wp\/v2\/posts\/42616\/revisions\/42618"}],"wp:featuredmedia":[{"embeddable":true,"href":"https:\/\/www.lintelligentdabidjan.info\/news\/wp-json\/wp\/v2\/media\/42617"}],"wp:attachment":[{"href":"https:\/\/www.lintelligentdabidjan.info\/news\/wp-json\/wp\/v2\/media?parent=42616"}],"wp:term":[{"taxonomy":"category","embeddable":true,"href":"https:\/\/www.lintelligentdabidjan.info\/news\/wp-json\/wp\/v2\/categories?post=42616"},{"taxonomy":"post_tag","embeddable":true,"href":"https:\/\/www.lintelligentdabidjan.info\/news\/wp-json\/wp\/v2\/tags?post=42616"}],"curies":[{"name":"wp","href":"https:\/\/api.w.org\/{rel}","templated":true}]}}