{"id":42619,"date":"2026-03-05T04:49:56","date_gmt":"2026-03-05T03:49:56","guid":{"rendered":"https:\/\/www.lintelligentdabidjan.info\/news\/?p=42619"},"modified":"2026-03-05T04:49:56","modified_gmt":"2026-03-05T03:49:56","slug":"rupture-collective-de-jeune-intercommunautaire-a-koumassi-belmonde-dogo-renforce-la-cohesion-sociale","status":"publish","type":"post","link":"https:\/\/www.lintelligentdabidjan.info\/news\/rupture-collective-de-jeune-intercommunautaire-a-koumassi-belmonde-dogo-renforce-la-cohesion-sociale\/","title":{"rendered":"\u00a0 Rupture collective de je\u00fbne intercommunautaire \u00e0 Koumassi:\u00a0Belmonde Dogo renforce la coh\u00e9sion sociale"},"content":{"rendered":"<p><strong>Le minist\u00e8re de la coh\u00e9sion nationale, de la solidarit\u00e9 et de la lutte contre la pauvret\u00e9 a organis\u00e9, mardi 3 mars 2026, une rupture collective de je\u00fbne intercommunautaire \u00e0 Koumassi, dans le quartier Campement. Cette initiative s\u2019inscrit dans un contexte marqu\u00e9 par la coexistence du Ramadan musulman et du Car\u00eame chr\u00e9tien, et vise \u00e0 consolider les liens de fraternit\u00e9 entre les communaut\u00e9s.<\/strong><\/p>\n<p>Plac\u00e9e sous le signe du vivre-ensemble, la c\u00e9r\u00e9monie a r\u00e9uni plusieurs personnalit\u00e9s, dont Fran\u00e7oise Remarck, ministre de la Culture et de la Francophonie, ainsi qu\u2019Alain Richard Donwahi, pr\u00e9sident du Conseil r\u00e9gional de la Nawa. Des autorit\u00e9s municipales, des guides religieux et des repr\u00e9sentants d\u2019organisations internationales et d\u2019ONG locales ont \u00e9galement pris part \u00e0 l\u2019\u00e9v\u00e9nement.<\/p>\n<p><strong>Un message de solidarit\u00e9<\/strong><\/p>\n<p>L\u2019activit\u00e9 a consist\u00e9 en un repas communautaire partag\u00e9 avec des familles vuln\u00e9rables. Au-del\u00e0 du symbole, cette rencontre a illustr\u00e9 l\u2019unit\u00e9 des confessions religieuses dans un esprit de paix, de partage et de compassion.<\/p>\n<p>La ministre Myss Belmonde Dogo a soulign\u00e9 la port\u00e9e spirituelle de cette p\u00e9riode marqu\u00e9e par la concomitance du Ramadan et du Car\u00eame. Elle a invit\u00e9 les populations \u00e0 faire de ces moments de recueillement une opportunit\u00e9 de pardon, de solidarit\u00e9 et de pri\u00e8re pour la paix.<\/p>\n<p>Repr\u00e9sentant les autorit\u00e9s locales,\u00a0<a href=\"https:\/\/www.google.com\/maps\/search\/Traor%C3%A9+Salimata,+2e?entry=gmail&amp;source=g\">Traor\u00e9 Salimata, 2e<\/a>\u00a0adjointe au maire de Koumassi, a salu\u00e9 une initiative \u00ab sociale et humanitaire \u00bb, en coh\u00e9rence avec la politique gouvernementale de solidarit\u00e9 active.<\/p>\n<p><strong>Un appui concret aux m\u00e9nages vuln\u00e9rables<\/strong><\/p>\n<p>\u00c0 l\u2019issue de la c\u00e9r\u00e9monie, 1 000 m\u00e9nages vuln\u00e9rables ont re\u00e7u des kits alimentaires compos\u00e9s notamment de riz, sucre, lait et p\u00e2tes alimentaires. Des dotations ont \u00e9galement \u00e9t\u00e9 remises aux guides religieux et aux chefs de communaut\u00e9.<\/p>\n<p><strong>Olivier Dion avec G\u00e9rard Batoua<\/strong><\/p>\n<p>&nbsp;<\/p>\n<p>&nbsp;<\/p>\n","protected":false},"excerpt":{"rendered":"<p>Le minist\u00e8re de la coh\u00e9sion nationale, de la solidarit\u00e9 et de la lutte contre la pauvret\u00e9 a organis\u00e9, mardi 3 mars 2026, une rupture collective de je\u00fbne intercommunautaire \u00e0 Koumassi, dans le quartier Campement. Cette initiative s\u2019inscrit dans un contexte marqu\u00e9 par la coexistence du Ramadan musulman et du Car\u00eame chr\u00e9tien, et vise \u00e0 consolider [&hellip;]<\/p>\n","protected":false},"author":4,"featured_media":42620,"comment_status":"closed","ping_status":"closed","sticky":false,"template":"","format":"standard","meta":{"_monsterinsights_skip_tracking":false,"_monsterinsights_sitenote_active":false,"_monsterinsights_sitenote_note":"","_monsterinsights_sitenote_category":0,"footnotes":""},"categories":[2,3],"tags":[3732,1045,6077,7272],"class_list":["post-42619","post","type-post","status-publish","format-standard","has-post-thumbnail","hentry","category-featured","category-societe","tag-belmonde-dogo","tag-koumassi","tag-la-cohesion-sociale","tag-rupture-collective-de-jeune-intercommunautaire"],"_links":{"self":[{"href":"https:\/\/www.lintelligentdabidjan.info\/news\/wp-json\/wp\/v2\/posts\/42619","targetHints":{"allow":["GET"]}}],"collection":[{"href":"https:\/\/www.lintelligentdabidjan.info\/news\/wp-json\/wp\/v2\/posts"}],"about":[{"href":"https:\/\/www.lintelligentdabidjan.info\/news\/wp-json\/wp\/v2\/types\/post"}],"author":[{"embeddable":true,"href":"https:\/\/www.lintelligentdabidjan.info\/news\/wp-json\/wp\/v2\/users\/4"}],"replies":[{"embeddable":true,"href":"https:\/\/www.lintelligentdabidjan.info\/news\/wp-json\/wp\/v2\/comments?post=42619"}],"version-history":[{"count":1,"href":"https:\/\/www.lintelligentdabidjan.info\/news\/wp-json\/wp\/v2\/posts\/42619\/revisions"}],"predecessor-version":[{"id":42621,"href":"https:\/\/www.lintelligentdabidjan.info\/news\/wp-json\/wp\/v2\/posts\/42619\/revisions\/42621"}],"wp:featuredmedia":[{"embeddable":true,"href":"https:\/\/www.lintelligentdabidjan.info\/news\/wp-json\/wp\/v2\/media\/42620"}],"wp:attachment":[{"href":"https:\/\/www.lintelligentdabidjan.info\/news\/wp-json\/wp\/v2\/media?parent=42619"}],"wp:term":[{"taxonomy":"category","embeddable":true,"href":"https:\/\/www.lintelligentdabidjan.info\/news\/wp-json\/wp\/v2\/categories?post=42619"},{"taxonomy":"post_tag","embeddable":true,"href":"https:\/\/www.lintelligentdabidjan.info\/news\/wp-json\/wp\/v2\/tags?post=42619"}],"curies":[{"name":"wp","href":"https:\/\/api.w.org\/{rel}","templated":true}]}}