{"id":42622,"date":"2026-03-05T04:53:20","date_gmt":"2026-03-05T03:53:20","guid":{"rendered":"https:\/\/www.lintelligentdabidjan.info\/news\/?p=42622"},"modified":"2026-03-05T04:53:20","modified_gmt":"2026-03-05T03:53:20","slug":"lintelligent-en-pdf-conseil-des-ministres-interrogations-sur-le-sort-de-500-ivoiriens-en-israel-et-iran-et-sur-la-seance-du-18-mars-2026","status":"publish","type":"post","link":"https:\/\/www.lintelligentdabidjan.info\/news\/lintelligent-en-pdf-conseil-des-ministres-interrogations-sur-le-sort-de-500-ivoiriens-en-israel-et-iran-et-sur-la-seance-du-18-mars-2026\/","title":{"rendered":"\u00a0L\u2019Intelligent en PDF : Conseil des ministres\u00a0\u00a0 Interrogations sur le sort de 500 Ivoiriens en Isra\u00ebl et Iran et sur la s\u00e9ance du 18 mars 2026"},"content":{"rendered":"<div><strong>Le gouvernement ivoirien \u00e9tait r\u00e9uni le mercredi 4 mars 2026 sous la pr\u00e9sidence du chef de l&#8217;\u00c9tat au cours d&#8217;un conseil des ministres,\u00a0\u00a0dont la prochaine session est pr\u00e9vue le 18 mars 2026 avec assur\u00e9ment la situation de 500 Ivoiriens pr\u00e8s du th\u00e9\u00e2tre des op\u00e9rations en Iran et en Isra\u00ebl, et pas en d\u00e9tresse ni menac\u00e9s \u00e0 ce jour.<\/strong><\/div>\n<div><\/div>\n<div>La suite \u00e0 d\u00e9couvrir en ligne sur\u2026<\/div>\n<div><a href=\"https:\/\/news.abidjan.net\/titrologie\/39-lintelligent-dabidjan\/articles\" target=\"_blank\" rel=\"noopener\">https:\/\/news.abidjan.net\/titrologie\/39-lintelligent-dabidjan\/articles<\/a><\/div>\n<div><\/div>\n<div><\/div>\n<div>\u00c0 lire aussi des accusations fallacieuses \u00e9voqu\u00e9es concernant la crise \u00e0 l\u2019Unjci ; La diaspora sollicit\u00e9e pour labourer la C\u00f4te d&#8217;Ivoire lors d\u2019un Panel de Haut Niveau des JC-RHDP ; Des millions de b\u00e9n\u00e9dictions pour Children of Africa pendant le Ramadan 2026 ;\u00a0 Le cacao bord champ \u00e0 1200 Fcfa pour la\u00a0 campagne interm\u00e9diaire et l&#8217;\u00e9ditorial de Wakili Alaf\u00e9 : Iran : la &#8220;d\u00e9capitation&#8221; par bombardements suffira-t-elle \u00e0 abattre le r\u00e9gime ?<\/div>\n<div><\/div>\n<div>Cliquez pour les d\u00e9tails<\/div>\n<div><a href=\"https:\/\/www.afrikipresse.com\/abonnement\" target=\"_blank\" rel=\"noopener\">https:\/\/www.afrikipresse.com\/abonnement<\/a><\/div>\n<div><\/div>\n<div>\u00c0 voir \u00e9galement\u00a0 des priorit\u00e9s align\u00e9es sur le PND 2026-2030 au niveau du Minist\u00e8re de l\u2019\u00c9conomie, des Finances et du Budget et Traor\u00e9 Ahmed, pr\u00e9sident de Leader Foot Acad\u00e9mie\u00a0 d\u00e9crypte l\u2019interview de Nicolas\u00a0 P\u00e9p\u00e9<\/div>\n<div><\/div>\n<div><a href=\"https:\/\/www.pressecotedivoire.fr\/titrologie\" target=\"_blank\" rel=\"noopener\">https:\/\/www.pressecotedivoire.fr\/titrologie<\/a><\/div>\n<div><\/div>\n","protected":false},"excerpt":{"rendered":"<p>Le gouvernement ivoirien \u00e9tait r\u00e9uni le mercredi 4 mars 2026 sous la pr\u00e9sidence du chef de l&#8217;\u00c9tat au cours d&#8217;un conseil des ministres,\u00a0\u00a0dont la prochaine session est pr\u00e9vue le 18 mars 2026 avec assur\u00e9ment la situation de 500 Ivoiriens pr\u00e8s du th\u00e9\u00e2tre des op\u00e9rations en Iran et en Isra\u00ebl, et pas en d\u00e9tresse ni menac\u00e9s [&hellip;]<\/p>\n","protected":false},"author":4,"featured_media":42623,"comment_status":"closed","ping_status":"closed","sticky":false,"template":"","format":"standard","meta":{"_monsterinsights_skip_tracking":false,"_monsterinsights_sitenote_active":false,"_monsterinsights_sitenote_note":"","_monsterinsights_sitenote_category":0,"footnotes":""},"categories":[2,3],"tags":[],"class_list":["post-42622","post","type-post","status-publish","format-standard","has-post-thumbnail","hentry","category-featured","category-societe"],"_links":{"self":[{"href":"https:\/\/www.lintelligentdabidjan.info\/news\/wp-json\/wp\/v2\/posts\/42622","targetHints":{"allow":["GET"]}}],"collection":[{"href":"https:\/\/www.lintelligentdabidjan.info\/news\/wp-json\/wp\/v2\/posts"}],"about":[{"href":"https:\/\/www.lintelligentdabidjan.info\/news\/wp-json\/wp\/v2\/types\/post"}],"author":[{"embeddable":true,"href":"https:\/\/www.lintelligentdabidjan.info\/news\/wp-json\/wp\/v2\/users\/4"}],"replies":[{"embeddable":true,"href":"https:\/\/www.lintelligentdabidjan.info\/news\/wp-json\/wp\/v2\/comments?post=42622"}],"version-history":[{"count":1,"href":"https:\/\/www.lintelligentdabidjan.info\/news\/wp-json\/wp\/v2\/posts\/42622\/revisions"}],"predecessor-version":[{"id":42624,"href":"https:\/\/www.lintelligentdabidjan.info\/news\/wp-json\/wp\/v2\/posts\/42622\/revisions\/42624"}],"wp:featuredmedia":[{"embeddable":true,"href":"https:\/\/www.lintelligentdabidjan.info\/news\/wp-json\/wp\/v2\/media\/42623"}],"wp:attachment":[{"href":"https:\/\/www.lintelligentdabidjan.info\/news\/wp-json\/wp\/v2\/media?parent=42622"}],"wp:term":[{"taxonomy":"category","embeddable":true,"href":"https:\/\/www.lintelligentdabidjan.info\/news\/wp-json\/wp\/v2\/categories?post=42622"},{"taxonomy":"post_tag","embeddable":true,"href":"https:\/\/www.lintelligentdabidjan.info\/news\/wp-json\/wp\/v2\/tags?post=42622"}],"curies":[{"name":"wp","href":"https:\/\/api.w.org\/{rel}","templated":true}]}}