{"id":42634,"date":"2026-03-06T05:38:08","date_gmt":"2026-03-06T04:38:08","guid":{"rendered":"https:\/\/www.lintelligentdabidjan.info\/news\/?p=42634"},"modified":"2026-03-06T05:38:21","modified_gmt":"2026-03-06T04:38:21","slug":"can-feminine-2026la-caf-change-les-dates-et-reste-silencieuse-sur-le-pays-hote","status":"publish","type":"post","link":"https:\/\/www.lintelligentdabidjan.info\/news\/can-feminine-2026la-caf-change-les-dates-et-reste-silencieuse-sur-le-pays-hote\/","title":{"rendered":"CAN F\u00e9minine 2026:La CAF change les dates et reste silencieuse sur le pays h\u00f4te"},"content":{"rendered":"<p><strong>La Conf\u00e9d\u00e9ration Africaine de Football (CAF) a annonc\u00e9 la reprogrammation de la Coupe d\u2019Afrique des Nations F\u00e9minine 2026. Initialement pr\u00e9vue du 17 mars au 3 avril 2026, la comp\u00e9tition se tiendra finalement du 25 juillet au 16 ao\u00fbt 2026.<\/strong><\/p>\n<p>Dans un communiqu\u00e9 publi\u00e9 le jeudi 5 mars 2026, l\u2019instance dirigeante du football africain indique que cette d\u00e9cision fait suite \u00e0 des consultations avec plusieurs partenaires, notamment la F\u00e9d\u00e9ration Internationale de Football Association (FIFA), ainsi qu\u2019avec d\u2019autres parties prenantes impliqu\u00e9es dans l\u2019organisation du tournoi.\u00a0 \u00ab Apr\u00e8s des discussions entre la CAF et ses partenaires, la FIFA et d\u2019autres parties prenantes, la CAF a d\u00e9cid\u00e9 de reprogrammer les dates de la TotalEnergies CAF WAFCON 2026 du 25 juillet au 16 ao\u00fbt 2026, afin d\u2019assurer le succ\u00e8s de cette importante comp\u00e9tition f\u00e9minine \u00bb, pr\u00e9cise le communiqu\u00e9.<\/p>\n<p>Selon la CAF, ce r\u00e9ajustement du calendrier vise \u00e0 garantir les meilleures conditions d\u2019organisation pour ce rendez\u2011vous majeur du football f\u00e9minin africain, en tenant compte de certaines contraintes survenues lors du processus de planification.<\/p>\n<p>Les nouvelles dates devraient ainsi permettre aux diff\u00e9rentes parties prenantes de mieux pr\u00e9parer l\u2019\u00e9v\u00e9nement, consid\u00e9r\u00e9 comme l\u2019une des comp\u00e9titions phares du football f\u00e9minin sur le continent.<\/p>\n<p>L\u2019instance continentale rappelle par ailleurs qu\u2019en octobre 2024, l\u2019organisation de la CAN f\u00e9minine 2026 avait \u00e9t\u00e9 attribu\u00e9e au Maroc. Toutefois, le communiqu\u00e9 annon\u00e7ant la modification du calendrier ne confirme pas explicitement le pays h\u00f4te, se limitant \u00e0 \u00e9voquer le changement de dates.<\/p>\n<p>Ce silence alimente certaines interrogations, alors que les pr\u00e9paratifs de la phase finale se poursuivent.<\/p>\n<p>Malgr\u00e9 ces incertitudes, la CAF assure que les pr\u00e9paratifs se poursuivent et se dit confiante quant \u00e0 la r\u00e9ussite de la comp\u00e9tition.<\/p>\n<p><strong>Ange Kouadio<\/strong><\/p>\n<p>&nbsp;<\/p>\n<p>&nbsp;<\/p>\n<p>&nbsp;<\/p>\n<p>&nbsp;<\/p>\n<p>&nbsp;<\/p>\n","protected":false},"excerpt":{"rendered":"<p>La Conf\u00e9d\u00e9ration Africaine de Football (CAF) a annonc\u00e9 la reprogrammation de la Coupe d\u2019Afrique des Nations F\u00e9minine 2026. Initialement pr\u00e9vue du 17 mars au 3 avril 2026, la comp\u00e9tition se tiendra finalement du 25 juillet au 16 ao\u00fbt 2026. Dans un communiqu\u00e9 publi\u00e9 le jeudi 5 mars 2026, l\u2019instance dirigeante du football africain indique que [&hellip;]<\/p>\n","protected":false},"author":4,"featured_media":42635,"comment_status":"closed","ping_status":"closed","sticky":false,"template":"","format":"standard","meta":{"_monsterinsights_skip_tracking":false,"_monsterinsights_sitenote_active":false,"_monsterinsights_sitenote_note":"","_monsterinsights_sitenote_category":0,"footnotes":""},"categories":[2,23],"tags":[7281,864,7284,7282,7283],"class_list":["post-42634","post","type-post","status-publish","format-standard","has-post-thumbnail","hentry","category-featured","category-sport","tag-can-feminine-2026","tag-la-caf","tag-le-pays-hote","tag-les-dates","tag-silencieuse"],"_links":{"self":[{"href":"https:\/\/www.lintelligentdabidjan.info\/news\/wp-json\/wp\/v2\/posts\/42634","targetHints":{"allow":["GET"]}}],"collection":[{"href":"https:\/\/www.lintelligentdabidjan.info\/news\/wp-json\/wp\/v2\/posts"}],"about":[{"href":"https:\/\/www.lintelligentdabidjan.info\/news\/wp-json\/wp\/v2\/types\/post"}],"author":[{"embeddable":true,"href":"https:\/\/www.lintelligentdabidjan.info\/news\/wp-json\/wp\/v2\/users\/4"}],"replies":[{"embeddable":true,"href":"https:\/\/www.lintelligentdabidjan.info\/news\/wp-json\/wp\/v2\/comments?post=42634"}],"version-history":[{"count":1,"href":"https:\/\/www.lintelligentdabidjan.info\/news\/wp-json\/wp\/v2\/posts\/42634\/revisions"}],"predecessor-version":[{"id":42636,"href":"https:\/\/www.lintelligentdabidjan.info\/news\/wp-json\/wp\/v2\/posts\/42634\/revisions\/42636"}],"wp:featuredmedia":[{"embeddable":true,"href":"https:\/\/www.lintelligentdabidjan.info\/news\/wp-json\/wp\/v2\/media\/42635"}],"wp:attachment":[{"href":"https:\/\/www.lintelligentdabidjan.info\/news\/wp-json\/wp\/v2\/media?parent=42634"}],"wp:term":[{"taxonomy":"category","embeddable":true,"href":"https:\/\/www.lintelligentdabidjan.info\/news\/wp-json\/wp\/v2\/categories?post=42634"},{"taxonomy":"post_tag","embeddable":true,"href":"https:\/\/www.lintelligentdabidjan.info\/news\/wp-json\/wp\/v2\/tags?post=42634"}],"curies":[{"name":"wp","href":"https:\/\/api.w.org\/{rel}","templated":true}]}}