{"id":42645,"date":"2026-03-06T05:55:43","date_gmt":"2026-03-06T04:55:43","guid":{"rendered":"https:\/\/www.lintelligentdabidjan.info\/news\/?p=42645"},"modified":"2026-03-06T05:55:49","modified_gmt":"2026-03-06T04:55:49","slug":"lintelligent-en-pdf-jeune-et-careme-2026-anne-desiree-ouloto-lamizana-nous-ne-sommes-rien-sans-dieu","status":"publish","type":"post","link":"https:\/\/www.lintelligentdabidjan.info\/news\/lintelligent-en-pdf-jeune-et-careme-2026-anne-desiree-ouloto-lamizana-nous-ne-sommes-rien-sans-dieu\/","title":{"rendered":"\u00a0L\u2019Intelligent en PDF :  Je\u00fbne et Car\u00eame 2026 &#8211; Anne D\u00e9sir\u00e9e Ouloto-Lamizana : \u00ab Nous ne sommes rien sans Dieu \u00bb"},"content":{"rendered":"<p dir=\"ltr\"><strong>Les directeurs g\u00e9n\u00e9raux, chefs de services, conseillers et certains autres membres du personnel du minist\u00e8re de la Fonction publique et de la Modernisation de l\u2019Administration ont eu droit \u00e0 une c\u00e9r\u00e9monie de rupture de je\u00fbne dans le cadre du Car\u00eame et du Ramadan 2026. La collation a \u00e9t\u00e9 offerte par la ministre d\u2019\u00c9tat Anne D\u00e9sir\u00e9e Ouloto-Lamizana, responsable dudit minist\u00e8re, le mercredi 4 mars 2026 \u00e0 la salle de conf\u00e9rences du minist\u00e8re des Affaires \u00e9trang\u00e8res, \u00e0 Abidjan-Plateau. Qu\u2019est ce qu\u2019elle a dit \u00e0 cette occasion ?<\/strong><\/p>\n<p dir=\"ltr\">Article \u00e0 d\u00e9couvrir dans vos kiosques et en ligne sur\u2026<\/p>\n<p><a href=\"https:\/\/news.abidjan.net\/titrologie\/39-lintelligent-dabidjan\/articles\" target=\"_blank\" rel=\"noopener\">https:\/\/news.abidjan.net\/titrologie\/39-lintelligent-dabidjan\/articles<\/a><\/p>\n<p dir=\"ltr\">\u00c0 lire aussi en m\u00e9moire du p\u00e8re de la boxe ivoirienne, son fr\u00e8re s&#8217;engage pour le Jubil\u00e9 S\u00e9a Robinson ; Trois gigantesques chantiers financ\u00e9s dans la coop\u00e9ration\u00a0 C\u00f4te d&#8217;Ivoire-Grande Bretagne ;\u00a0 Euphrasie Yao qui dit avoir vu des femmes invisibles devenir des leaders ; La coop\u00e9ration entre Azerba\u00efdjan et\u00a0 Abidjan ; des v\u00e9rifications approfondies\u00a0 annonc\u00e9es au niveau de la d\u00e9claration de patrimoine en C\u00f4te d&#8217;Ivoire.<\/p>\n<p dir=\"ltr\">Cliquez pour les d\u00e9tails<\/p>\n<p><a href=\"https:\/\/www.afrikipresse.com\/abonnement\" target=\"_blank\" rel=\"noopener\">https:\/\/www.afrikipresse.com\/abonnement<\/a><\/p>\n<p dir=\"ltr\">\u00c0 voir\u00a0 \u00e9galement\u00a0 F\u00e9licit\u00e9 Mariam Bakayoko interpelle l\u2019ONU concernant le conflit \u00a0 Isra\u00ebl\u2013\u00c9tats-Unis\u2013Iran et le Festival Paquinou Oblig\u00e9 ambiance<\/p>\n<p><a href=\"https:\/\/www.pressecotedivoire.fr\/titrologie\" target=\"_blank\" rel=\"noopener\">https:\/\/www.pressecotedivoire.fr\/titrologie<\/a><\/p>\n<p>&nbsp;<\/p>\n","protected":false},"excerpt":{"rendered":"<p>Les directeurs g\u00e9n\u00e9raux, chefs de services, conseillers et certains autres membres du personnel du minist\u00e8re de la Fonction publique et de la Modernisation de l\u2019Administration ont eu droit \u00e0 une c\u00e9r\u00e9monie de rupture de je\u00fbne dans le cadre du Car\u00eame et du Ramadan 2026. La collation a \u00e9t\u00e9 offerte par la ministre d\u2019\u00c9tat Anne D\u00e9sir\u00e9e [&hellip;]<\/p>\n","protected":false},"author":4,"featured_media":42646,"comment_status":"closed","ping_status":"closed","sticky":false,"template":"","format":"standard","meta":{"_monsterinsights_skip_tracking":false,"_monsterinsights_sitenote_active":false,"_monsterinsights_sitenote_note":"","_monsterinsights_sitenote_category":0,"footnotes":""},"categories":[2,3],"tags":[],"class_list":["post-42645","post","type-post","status-publish","format-standard","has-post-thumbnail","hentry","category-featured","category-societe"],"_links":{"self":[{"href":"https:\/\/www.lintelligentdabidjan.info\/news\/wp-json\/wp\/v2\/posts\/42645","targetHints":{"allow":["GET"]}}],"collection":[{"href":"https:\/\/www.lintelligentdabidjan.info\/news\/wp-json\/wp\/v2\/posts"}],"about":[{"href":"https:\/\/www.lintelligentdabidjan.info\/news\/wp-json\/wp\/v2\/types\/post"}],"author":[{"embeddable":true,"href":"https:\/\/www.lintelligentdabidjan.info\/news\/wp-json\/wp\/v2\/users\/4"}],"replies":[{"embeddable":true,"href":"https:\/\/www.lintelligentdabidjan.info\/news\/wp-json\/wp\/v2\/comments?post=42645"}],"version-history":[{"count":1,"href":"https:\/\/www.lintelligentdabidjan.info\/news\/wp-json\/wp\/v2\/posts\/42645\/revisions"}],"predecessor-version":[{"id":42647,"href":"https:\/\/www.lintelligentdabidjan.info\/news\/wp-json\/wp\/v2\/posts\/42645\/revisions\/42647"}],"wp:featuredmedia":[{"embeddable":true,"href":"https:\/\/www.lintelligentdabidjan.info\/news\/wp-json\/wp\/v2\/media\/42646"}],"wp:attachment":[{"href":"https:\/\/www.lintelligentdabidjan.info\/news\/wp-json\/wp\/v2\/media?parent=42645"}],"wp:term":[{"taxonomy":"category","embeddable":true,"href":"https:\/\/www.lintelligentdabidjan.info\/news\/wp-json\/wp\/v2\/categories?post=42645"},{"taxonomy":"post_tag","embeddable":true,"href":"https:\/\/www.lintelligentdabidjan.info\/news\/wp-json\/wp\/v2\/tags?post=42645"}],"curies":[{"name":"wp","href":"https:\/\/api.w.org\/{rel}","templated":true}]}}