{"id":42691,"date":"2026-03-10T05:50:20","date_gmt":"2026-03-10T04:50:20","guid":{"rendered":"https:\/\/www.lintelligentdabidjan.info\/news\/?p=42691"},"modified":"2026-03-10T05:51:00","modified_gmt":"2026-03-10T04:51:00","slug":"filiere-cacao-kone-moussa-pas-daccord-avec-le-prix-bord-champ","status":"publish","type":"post","link":"https:\/\/www.lintelligentdabidjan.info\/news\/filiere-cacao-kone-moussa-pas-daccord-avec-le-prix-bord-champ\/","title":{"rendered":"Fili\u00e8re cacao : Kon\u00e9 Moussa pas d\u2019accord avec le prix bord champ\u00a0"},"content":{"rendered":"<p><strong>Le Syndicat National Agricole pour le Progr\u00e8s de C\u00f4te d\u2019Ivoire (SYNAP\u2011CI) a vivement critiqu\u00e9 la fixation du prix bord champ du cacao \u00e0 1 200 FCFA le kilogramme pour la campagne interm\u00e9diaire. La position du syndicat a \u00e9t\u00e9 exprim\u00e9e lors d\u2019une conf\u00e9rence de presse tenue le dimanche 8 mars 2026 \u00e0 son si\u00e8ge du Plateau, \u00e0 Abidjan.<\/strong><\/p>\n<p>Pr\u00e9sident du SYNAP\u2011CI, Kon\u00e9 Moussa estime que cette d\u00e9cision constitue un s\u00e9rieux revers pour les producteurs de cacao en C\u00f4te d\u2019Ivoire, dont de nombreuses familles d\u00e9pendent directement de cette culture.<\/p>\n<p>\u00ab C\u2019est un v\u00e9ritable coup de poignard pour les producteurs \u00bb, a-t-il d\u00e9clar\u00e9 devant la presse nationale et internationale, qualifiant la mesure d\u2019\u00ab injuste \u00bb et de \u00ab pr\u00e9judiciable \u00bb pour les populations rurales. Pour illustrer la situation, il a compar\u00e9 la baisse du prix \u00e0 une r\u00e9duction brutale de revenus : \u00ab J\u2019ai rarement vu un salaire divis\u00e9 par deux et on nous demande d\u2019applaudir. \u00bb<\/p>\n<p>Selon lui, cette chute du prix risque d\u2019affecter gravement les conditions de vie des planteurs. \u00ab Ces hommes et ces femmes ont des factures \u00e0 payer, des enfants \u00e0 scolariser et des familles \u00e0 nourrir. Il est impensable de les laisser seuls face \u00e0 cette situation \u00bb, a-t-il insist\u00e9.<\/p>\n<p>Le responsable syndical a \u00e9galement \u00e9voqu\u00e9 la nomination du nouveau ministre de l\u2019Agriculture, Bruno Nabagn\u00e9 Kon\u00e9, qui avait suscit\u00e9 l\u2019espoir d\u2019un dialogue constructif avec les acteurs de la fili\u00e8re. Toutefois, certaines d\u00e9cisions r\u00e9centes, notamment le recensement des producteurs et la fixation du prix bord champ, suscitent , selon lui, de fortes inqui\u00e9tudes parmi les planteurs.<\/p>\n<p>Face \u00e0 cette situation, le SYNAP\u2011CI annonce l\u2019organisation prochaine d\u2019une rencontre de concertation dans l\u2019Ouest du pays. Elle r\u00e9unira syndicats agricoles, coop\u00e9ratives et organisations professionnelles afin d\u2019analyser l\u2019impact de la mesure et de proposer des solutions pour pr\u00e9server les revenus des producteurs.<\/p>\n<p>\u00ab Nous ne pouvons accepter que les producteurs soient les victimes d\u2019un syst\u00e8me cens\u00e9 prot\u00e9ger leurs int\u00e9r\u00eats et la dignit\u00e9 de leur travail \u00bb, a conclu Kon\u00e9 Moussa.<\/p>\n<p><strong>Beker Yao<\/strong><\/p>\n<p>&nbsp;<\/p>\n<p>&nbsp;<\/p>\n","protected":false},"excerpt":{"rendered":"<p>Le Syndicat National Agricole pour le Progr\u00e8s de C\u00f4te d\u2019Ivoire (SYNAP\u2011CI) a vivement critiqu\u00e9 la fixation du prix bord champ du cacao \u00e0 1 200 FCFA le kilogramme pour la campagne interm\u00e9diaire. La position du syndicat a \u00e9t\u00e9 exprim\u00e9e lors d\u2019une conf\u00e9rence de presse tenue le dimanche 8 mars 2026 \u00e0 son si\u00e8ge du Plateau, [&hellip;]<\/p>\n","protected":false},"author":4,"featured_media":42692,"comment_status":"closed","ping_status":"closed","sticky":false,"template":"","format":"standard","meta":{"footnotes":""},"categories":[2,18],"tags":[7314,7315,7316],"class_list":["post-42691","post","type-post","status-publish","format-standard","has-post-thumbnail","hentry","category-featured","category-economie","tag-filiere-cacao","tag-kone-moussa","tag-le-prix-bord-champ"],"_links":{"self":[{"href":"https:\/\/www.lintelligentdabidjan.info\/news\/wp-json\/wp\/v2\/posts\/42691","targetHints":{"allow":["GET"]}}],"collection":[{"href":"https:\/\/www.lintelligentdabidjan.info\/news\/wp-json\/wp\/v2\/posts"}],"about":[{"href":"https:\/\/www.lintelligentdabidjan.info\/news\/wp-json\/wp\/v2\/types\/post"}],"author":[{"embeddable":true,"href":"https:\/\/www.lintelligentdabidjan.info\/news\/wp-json\/wp\/v2\/users\/4"}],"replies":[{"embeddable":true,"href":"https:\/\/www.lintelligentdabidjan.info\/news\/wp-json\/wp\/v2\/comments?post=42691"}],"version-history":[{"count":1,"href":"https:\/\/www.lintelligentdabidjan.info\/news\/wp-json\/wp\/v2\/posts\/42691\/revisions"}],"predecessor-version":[{"id":42693,"href":"https:\/\/www.lintelligentdabidjan.info\/news\/wp-json\/wp\/v2\/posts\/42691\/revisions\/42693"}],"wp:featuredmedia":[{"embeddable":true,"href":"https:\/\/www.lintelligentdabidjan.info\/news\/wp-json\/wp\/v2\/media\/42692"}],"wp:attachment":[{"href":"https:\/\/www.lintelligentdabidjan.info\/news\/wp-json\/wp\/v2\/media?parent=42691"}],"wp:term":[{"taxonomy":"category","embeddable":true,"href":"https:\/\/www.lintelligentdabidjan.info\/news\/wp-json\/wp\/v2\/categories?post=42691"},{"taxonomy":"post_tag","embeddable":true,"href":"https:\/\/www.lintelligentdabidjan.info\/news\/wp-json\/wp\/v2\/tags?post=42691"}],"curies":[{"name":"wp","href":"https:\/\/api.w.org\/{rel}","templated":true}]}}