{"id":42732,"date":"2026-03-12T05:13:04","date_gmt":"2026-03-12T04:13:04","guid":{"rendered":"https:\/\/www.lintelligentdabidjan.info\/news\/?p=42732"},"modified":"2026-03-12T05:13:04","modified_gmt":"2026-03-12T04:13:04","slug":"litteratureaminata-dembele-brise-le-silence-sur-lexclusion-liee-aux-superstitions","status":"publish","type":"post","link":"https:\/\/www.lintelligentdabidjan.info\/news\/litteratureaminata-dembele-brise-le-silence-sur-lexclusion-liee-aux-superstitions\/","title":{"rendered":"Litt\u00e9rature:Aminata Demb\u00e9l\u00e9 brise le silence sur l\u2019exclusion li\u00e9e aux superstitions"},"content":{"rendered":"<p><strong>Aminata Demb\u00e9l\u00e9 \u00e9tait, le samedi 7 mars 2026, \u00e0 la Librairie de France de Sococ\u00e9, \u00e0 Abidjan-Cocody-Les Deux Plateaux, pour la c\u00e9r\u00e9monie de d\u00e9dicace de son premier roman intitul\u00e9 \u00ab Malika, la fille du Bon Dieu \u00bb. Avec ses 146 pages, l\u2019\u0153uvre litt\u00e9raire est parue en mai 2025 chez les \u00c9ditions Calebasses \u00e0 Abidjan.<\/strong><\/p>\n<p>Selon l\u2019\u00e9crivaine, \u00ab Malika, la fille du Bon Dieu \u00bb est une histoire r\u00e9elle qu\u2019elle a v\u00e9cue et, pour ne pas rester silencieuse, elle l\u2019a consign\u00e9e dans un livre. La suite, c\u2019est elle-m\u00eame qui raconte la trame de son \u0153uvre : \u00ab La trame, c\u2019est l\u2019histoire de Malika, une fillette de douze ans qui fait la rencontre de Bako, une femme \u00e2g\u00e9e de 78 ans qui a \u00e9t\u00e9 humili\u00e9e, abandonn\u00e9e et rejet\u00e9e par sa communaut\u00e9 \u00e0 cause des vieilles superstitions, parce qu\u2019elle est n\u00e9e aveugle. Malika voit au-del\u00e0 des apparences. Elle se lie d\u2019amiti\u00e9 avec Bako, d\u00e9couvre une toute autre personne et apprend \u00e0 ses c\u00f4t\u00e9s. D\u00e9termin\u00e9e \u00e0 changer le regard de la communaut\u00e9, Malika va mener un combat pour la faire r\u00e9int\u00e9grer, accepter et aimer par la soci\u00e9t\u00e9. Ce qui ne sera pas chose facile. Elle va y arriver. Elle va toucher les c\u0153urs les plus ferm\u00e9s et, peu \u00e0 peu, les villageois red\u00e9couvrent Bako, se rendent compte de l\u2019injustice qu\u2019ils lui ont faite et d\u00e9cident de l\u2019honorer. Mais il sera trop tard\u2026 \u00bb<\/p>\n<p>La premi\u00e8re de couverture du roman est toute noire avec le buste d\u2019une jeune fille africaine dont la poitrine est travers\u00e9e par les rayons du soleil.<\/p>\n<p>Aminata Demb\u00e9l\u00e9 est une \u00e9crivaine ivoirienne, originaire de la commune d\u2019Adjam\u00e9. Passionn\u00e9e de litt\u00e9rature depuis son enfance, elle a toujours \u00e9volu\u00e9 dans l\u2019univers du livre.<\/p>\n<p>&nbsp;<\/p>\n<p><strong>Mamadou Ouattara<\/strong><\/p>\n<p>&nbsp;<\/p>\n<p>&nbsp;<\/p>\n","protected":false},"excerpt":{"rendered":"<p>Aminata Demb\u00e9l\u00e9 \u00e9tait, le samedi 7 mars 2026, \u00e0 la Librairie de France de Sococ\u00e9, \u00e0 Abidjan-Cocody-Les Deux Plateaux, pour la c\u00e9r\u00e9monie de d\u00e9dicace de son premier roman intitul\u00e9 \u00ab Malika, la fille du Bon Dieu \u00bb. Avec ses 146 pages, l\u2019\u0153uvre litt\u00e9raire est parue en mai 2025 chez les \u00c9ditions Calebasses \u00e0 Abidjan. Selon [&hellip;]<\/p>\n","protected":false},"author":4,"featured_media":42733,"comment_status":"closed","ping_status":"closed","sticky":false,"template":"","format":"standard","meta":{"_monsterinsights_skip_tracking":false,"_monsterinsights_sitenote_active":false,"_monsterinsights_sitenote_note":"","_monsterinsights_sitenote_category":0,"footnotes":""},"categories":[2,20],"tags":[7333,7334,7028,767,7335],"class_list":["post-42732","post","type-post","status-publish","format-standard","has-post-thumbnail","hentry","category-featured","category-art-et-culture","tag-aminata-dembele","tag-lexclusion","tag-le-silence","tag-litterature","tag-superstitions"],"_links":{"self":[{"href":"https:\/\/www.lintelligentdabidjan.info\/news\/wp-json\/wp\/v2\/posts\/42732","targetHints":{"allow":["GET"]}}],"collection":[{"href":"https:\/\/www.lintelligentdabidjan.info\/news\/wp-json\/wp\/v2\/posts"}],"about":[{"href":"https:\/\/www.lintelligentdabidjan.info\/news\/wp-json\/wp\/v2\/types\/post"}],"author":[{"embeddable":true,"href":"https:\/\/www.lintelligentdabidjan.info\/news\/wp-json\/wp\/v2\/users\/4"}],"replies":[{"embeddable":true,"href":"https:\/\/www.lintelligentdabidjan.info\/news\/wp-json\/wp\/v2\/comments?post=42732"}],"version-history":[{"count":1,"href":"https:\/\/www.lintelligentdabidjan.info\/news\/wp-json\/wp\/v2\/posts\/42732\/revisions"}],"predecessor-version":[{"id":42734,"href":"https:\/\/www.lintelligentdabidjan.info\/news\/wp-json\/wp\/v2\/posts\/42732\/revisions\/42734"}],"wp:featuredmedia":[{"embeddable":true,"href":"https:\/\/www.lintelligentdabidjan.info\/news\/wp-json\/wp\/v2\/media\/42733"}],"wp:attachment":[{"href":"https:\/\/www.lintelligentdabidjan.info\/news\/wp-json\/wp\/v2\/media?parent=42732"}],"wp:term":[{"taxonomy":"category","embeddable":true,"href":"https:\/\/www.lintelligentdabidjan.info\/news\/wp-json\/wp\/v2\/categories?post=42732"},{"taxonomy":"post_tag","embeddable":true,"href":"https:\/\/www.lintelligentdabidjan.info\/news\/wp-json\/wp\/v2\/tags?post=42732"}],"curies":[{"name":"wp","href":"https:\/\/api.w.org\/{rel}","templated":true}]}}