{"id":42741,"date":"2026-03-12T05:46:08","date_gmt":"2026-03-12T04:46:08","guid":{"rendered":"https:\/\/www.lintelligentdabidjan.info\/news\/?p=42741"},"modified":"2026-03-12T05:46:08","modified_gmt":"2026-03-12T04:46:08","slug":"rupture-collective-du-jeune-a-lecole-de-gendarmerie-dabidjan-tene-birahima-ouattara-demande-des-prieres-pour-les-pays-confrontes-a-des-crises","status":"publish","type":"post","link":"https:\/\/www.lintelligentdabidjan.info\/news\/rupture-collective-du-jeune-a-lecole-de-gendarmerie-dabidjan-tene-birahima-ouattara-demande-des-prieres-pour-les-pays-confrontes-a-des-crises\/","title":{"rendered":"Rupture collective du je\u00fbne \u00e0 l\u2019\u00c9cole de gendarmerie d\u2019Abidjan: T\u00e9n\u00e9 Birahima Ouattara demande des pri\u00e8res\u00a0 pour les pays confront\u00e9s \u00e0 des crises"},"content":{"rendered":"<p><strong>Selon une notre transmise \u00e0 notre r\u00e9daction, le vice\u2011Premier ministre, ministre de la D\u00e9fense, T\u00e9n\u00e9 Birahima Ouattara, a pris part le vendredi 6 mars 2026 \u00e0 une rupture collective du je\u00fbne (iftar) organis\u00e9e \u00e0 l\u2019\u00c9cole de gendarmerie d\u2019Abidjan, situ\u00e9e \u00e0 Cocody, \u00e0 Abidjan. La c\u00e9r\u00e9monie s\u2019est d\u00e9roul\u00e9e en pr\u00e9sence de plusieurs composantes des Forces de d\u00e9fense et de s\u00e9curit\u00e9.<\/strong><\/p>\n<p>Dans son adresse, le vice-Premier ministre a salu\u00e9 le choix de l\u2019\u00c9cole de gendarmerie pour accueillir cette rencontre et a remerci\u00e9 le g\u00e9n\u00e9ral de corps d\u2019arm\u00e9e Alexandre Apalo Tour\u00e9 pour l\u2019organisation de l\u2019\u00e9v\u00e9nement. \u00ab Aujourd\u2019hui, c\u2019est au tour du beau cadre de l\u2019\u00c9cole de gendarmerie d\u2019Abidjan de nous accueillir pour partager ces moments de convivialit\u00e9 et de recueillement \u00bb, a\u2011t\u2011il d\u00e9clar\u00e9. Le ministre de la D\u00e9fense a exprim\u00e9 sa satisfaction face \u00e0 la mobilisation des diff\u00e9rentes composantes des forces arm\u00e9es et paramilitaires, mettant en avant la coh\u00e9sion au sein des troupes. Il a \u00e9galement salu\u00e9 la pr\u00e9sence des aum\u00f4niers militaires de diff\u00e9rentes confessions religieuses, rappelant l\u2019importance de l\u2019unit\u00e9 nationale et des pri\u00e8res pour la paix et la stabilit\u00e9 du pays. \u00ab Notre pays fait face \u00e0 des d\u00e9fis s\u00e9curitaires majeurs et vos pri\u00e8res sont les bienvenues pour consolider les acquis de paix, de stabilit\u00e9 et de d\u00e9veloppement \u00bb, a\u2011t\u2011il affirm\u00e9. Le ministre a par ailleurs soulign\u00e9 la co\u00efncidence entre le mois de Ramadan et le car\u00eame chr\u00e9tien, qu\u2019il a pr\u00e9sent\u00e9e comme un symbole fort de rapprochement entre les communaut\u00e9s religieuses. Il a invit\u00e9 les fid\u00e8les \u00e0 prier pour les pays confront\u00e9s \u00e0 des crises et pour le retour de la paix. De son c\u00f4t\u00e9, l\u2019inspecteur g\u00e9n\u00e9ral de la gendarmerie, le g\u00e9n\u00e9ral Bakayoko Lassana, a salu\u00e9 la participation du ministre et de la hi\u00e9rarchie militaire. Il a soulign\u00e9 que ce moment de partage allie spiritualit\u00e9 et valeurs militaires, avant d\u2019ajouter : \u00ab C\u2019est la preuve que les notions de bon soldat et de croyant sont hautement compatibles.<\/p>\n<p><strong>Moustapha Ismaila<\/strong><\/p>\n<p>&nbsp;<\/p>\n<p>&nbsp;<\/p>\n<p>&nbsp;<\/p>\n<p>&nbsp;<\/p>\n","protected":false},"excerpt":{"rendered":"<p>Selon une notre transmise \u00e0 notre r\u00e9daction, le vice\u2011Premier ministre, ministre de la D\u00e9fense, T\u00e9n\u00e9 Birahima Ouattara, a pris part le vendredi 6 mars 2026 \u00e0 une rupture collective du je\u00fbne (iftar) organis\u00e9e \u00e0 l\u2019\u00c9cole de gendarmerie d\u2019Abidjan, situ\u00e9e \u00e0 Cocody, \u00e0 Abidjan. La c\u00e9r\u00e9monie s\u2019est d\u00e9roul\u00e9e en pr\u00e9sence de plusieurs composantes des Forces de [&hellip;]<\/p>\n","protected":false},"author":4,"featured_media":42742,"comment_status":"closed","ping_status":"closed","sticky":false,"template":"","format":"standard","meta":{"_monsterinsights_skip_tracking":false,"_monsterinsights_sitenote_active":false,"_monsterinsights_sitenote_note":"","_monsterinsights_sitenote_category":0,"footnotes":""},"categories":[2,3],"tags":[3782,7344,7343,7345,7342,2951],"class_list":["post-42741","post","type-post","status-publish","format-standard","has-post-thumbnail","hentry","category-featured","category-societe","tag-crises","tag-des-prieres","tag-lecole-de-gendarmerie-dabidjan","tag-les-pays","tag-rupture-collective-du-jeune","tag-tene-birahima-ouattara"],"_links":{"self":[{"href":"https:\/\/www.lintelligentdabidjan.info\/news\/wp-json\/wp\/v2\/posts\/42741","targetHints":{"allow":["GET"]}}],"collection":[{"href":"https:\/\/www.lintelligentdabidjan.info\/news\/wp-json\/wp\/v2\/posts"}],"about":[{"href":"https:\/\/www.lintelligentdabidjan.info\/news\/wp-json\/wp\/v2\/types\/post"}],"author":[{"embeddable":true,"href":"https:\/\/www.lintelligentdabidjan.info\/news\/wp-json\/wp\/v2\/users\/4"}],"replies":[{"embeddable":true,"href":"https:\/\/www.lintelligentdabidjan.info\/news\/wp-json\/wp\/v2\/comments?post=42741"}],"version-history":[{"count":1,"href":"https:\/\/www.lintelligentdabidjan.info\/news\/wp-json\/wp\/v2\/posts\/42741\/revisions"}],"predecessor-version":[{"id":42743,"href":"https:\/\/www.lintelligentdabidjan.info\/news\/wp-json\/wp\/v2\/posts\/42741\/revisions\/42743"}],"wp:featuredmedia":[{"embeddable":true,"href":"https:\/\/www.lintelligentdabidjan.info\/news\/wp-json\/wp\/v2\/media\/42742"}],"wp:attachment":[{"href":"https:\/\/www.lintelligentdabidjan.info\/news\/wp-json\/wp\/v2\/media?parent=42741"}],"wp:term":[{"taxonomy":"category","embeddable":true,"href":"https:\/\/www.lintelligentdabidjan.info\/news\/wp-json\/wp\/v2\/categories?post=42741"},{"taxonomy":"post_tag","embeddable":true,"href":"https:\/\/www.lintelligentdabidjan.info\/news\/wp-json\/wp\/v2\/tags?post=42741"}],"curies":[{"name":"wp","href":"https:\/\/api.w.org\/{rel}","templated":true}]}}