{"id":42744,"date":"2026-03-12T05:50:41","date_gmt":"2026-03-12T04:50:41","guid":{"rendered":"https:\/\/www.lintelligentdabidjan.info\/news\/?p=42744"},"modified":"2026-03-12T05:50:58","modified_gmt":"2026-03-12T04:50:58","slug":"jif-2026-a-bouakedes-complets-de-pagne-a-une-centaine-dassociations-de-femmes-de-belleville","status":"publish","type":"post","link":"https:\/\/www.lintelligentdabidjan.info\/news\/jif-2026-a-bouakedes-complets-de-pagne-a-une-centaine-dassociations-de-femmes-de-belleville\/","title":{"rendered":"\u00a0JIF 2026 \u00e0 Bouak\u00e9:Des complets de pagne \u00e0 une centaine d\u2019associations de femmes de Belleville"},"content":{"rendered":"<p><strong>\u00c0 l\u2019occasion de la Journ\u00e9e internationale des droits de la femme (JIF) c\u00e9l\u00e9br\u00e9e le 8 mars 2026, le d\u00e9put\u00e9 de Bouak\u00e9 commune et secr\u00e9taire d\u00e9partemental du RHDP de Belleville Oli\u00e9nou, Paul Dakuyo, a pos\u00e9 un geste de solidarit\u00e9 en faveur des femmes de sa circonscription.<\/strong><\/p>\n<p>Le jeudi 5 mars 2026, au si\u00e8ge du Rassemblement des Houphou\u00ebtistes pour la d\u00e9mocratie et la paix (RHDP) de Belleville, l\u2019\u00e9lu a offert des complets de pagne \u00e0 une centaine de pr\u00e9sidentes d\u2019associations f\u00e9minines du quartier. La c\u00e9r\u00e9monie de remise s\u2019est d\u00e9roul\u00e9e dans une ambiance conviviale, marqu\u00e9e par une forte mobilisation des b\u00e9n\u00e9ficiaires venues exprimer leur reconnaissance.<\/p>\n<p>Selon Paul Dakuyo, cette initiative s\u2019inscrit dans le cadre des activit\u00e9s li\u00e9es \u00e0 la c\u00e9l\u00e9bration du 8 mars, une journ\u00e9e consacr\u00e9e \u00e0 la valorisation du r\u00f4le des femmes dans la soci\u00e9t\u00e9 et \u00e0 la promotion de leurs droits.<\/p>\n<p>Dans son intervention, le d\u00e9put\u00e9 a indiqu\u00e9 que ce geste traduit \u00e9galement la volont\u00e9 de soutenir les femmes conform\u00e9ment \u00e0 la vision du Pr\u00e9sident de la R\u00e9publique, Alassane Ouattara, qui encourage la promotion du genre et l\u2019implication accrue des femmes dans les initiatives de d\u00e9veloppement.<\/p>\n<p>\u00ab Ces dons s\u2019inscrivent dans le cadre de la c\u00e9l\u00e9bration du 8 mars, une journ\u00e9e d\u00e9di\u00e9e aux femmes. Le Pr\u00e9sident de la R\u00e9publique nous invite \u00e0 toujours associer les femmes \u00e0 nos actions et \u00e0 soutenir leurs initiatives. \u00c0 travers ces pagnes, nous voulons leur t\u00e9moigner notre soutien et les encourager dans leur engagement pour la d\u00e9fense de leurs droits \u00bb, a-t-il d\u00e9clar\u00e9.<\/p>\n<p>Le responsable politique a \u00e9galement salu\u00e9 les avanc\u00e9es enregistr\u00e9es en mati\u00e8re de promotion du genre en C\u00f4te d\u2019Ivoire, soulignant la place croissante occup\u00e9e par les femmes dans les sph\u00e8res politique, administrative et sociale.<\/p>\n<p>Au nom des b\u00e9n\u00e9ficiaires, Kambir\u00e9 Bertine a exprim\u00e9 sa gratitude envers le donateur, estimant que ce geste traduit l\u2019attention constante que le d\u00e9put\u00e9 porte aux pr\u00e9occupations des femmes de Belleville.<\/p>\n<p>Par cette initiative, Paul Dakuyo r\u00e9affirme son engagement en faveur de la solidarit\u00e9, de l\u2019autonomisation et de la valorisation des femmes dans sa circonscription.<\/p>\n<p><strong>Nambac\u00e9r\u00e9 Jo\u00ebl<\/strong><\/p>\n<p>&nbsp;<\/p>\n<p>&nbsp;<\/p>\n<p>&nbsp;<\/p>\n<p>&nbsp;<\/p>\n<p>&nbsp;<\/p>\n<p>&nbsp;<\/p>\n","protected":false},"excerpt":{"rendered":"<p>\u00c0 l\u2019occasion de la Journ\u00e9e internationale des droits de la femme (JIF) c\u00e9l\u00e9br\u00e9e le 8 mars 2026, le d\u00e9put\u00e9 de Bouak\u00e9 commune et secr\u00e9taire d\u00e9partemental du RHDP de Belleville Oli\u00e9nou, Paul Dakuyo, a pos\u00e9 un geste de solidarit\u00e9 en faveur des femmes de sa circonscription. Le jeudi 5 mars 2026, au si\u00e8ge du Rassemblement des [&hellip;]<\/p>\n","protected":false},"author":4,"featured_media":42745,"comment_status":"closed","ping_status":"closed","sticky":false,"template":"","format":"standard","meta":{"footnotes":""},"categories":[2,3],"tags":[7347,125,7346,6845],"class_list":["post-42744","post","type-post","status-publish","format-standard","has-post-thumbnail","hentry","category-featured","category-societe","tag-associations-de-femmes-de-belleville","tag-bouake","tag-complets-de-pagne","tag-jif-2026"],"_links":{"self":[{"href":"https:\/\/www.lintelligentdabidjan.info\/news\/wp-json\/wp\/v2\/posts\/42744","targetHints":{"allow":["GET"]}}],"collection":[{"href":"https:\/\/www.lintelligentdabidjan.info\/news\/wp-json\/wp\/v2\/posts"}],"about":[{"href":"https:\/\/www.lintelligentdabidjan.info\/news\/wp-json\/wp\/v2\/types\/post"}],"author":[{"embeddable":true,"href":"https:\/\/www.lintelligentdabidjan.info\/news\/wp-json\/wp\/v2\/users\/4"}],"replies":[{"embeddable":true,"href":"https:\/\/www.lintelligentdabidjan.info\/news\/wp-json\/wp\/v2\/comments?post=42744"}],"version-history":[{"count":1,"href":"https:\/\/www.lintelligentdabidjan.info\/news\/wp-json\/wp\/v2\/posts\/42744\/revisions"}],"predecessor-version":[{"id":42746,"href":"https:\/\/www.lintelligentdabidjan.info\/news\/wp-json\/wp\/v2\/posts\/42744\/revisions\/42746"}],"wp:featuredmedia":[{"embeddable":true,"href":"https:\/\/www.lintelligentdabidjan.info\/news\/wp-json\/wp\/v2\/media\/42745"}],"wp:attachment":[{"href":"https:\/\/www.lintelligentdabidjan.info\/news\/wp-json\/wp\/v2\/media?parent=42744"}],"wp:term":[{"taxonomy":"category","embeddable":true,"href":"https:\/\/www.lintelligentdabidjan.info\/news\/wp-json\/wp\/v2\/categories?post=42744"},{"taxonomy":"post_tag","embeddable":true,"href":"https:\/\/www.lintelligentdabidjan.info\/news\/wp-json\/wp\/v2\/tags?post=42744"}],"curies":[{"name":"wp","href":"https:\/\/api.w.org\/{rel}","templated":true}]}}