{"id":42766,"date":"2026-03-12T14:21:46","date_gmt":"2026-03-12T13:21:46","guid":{"rendered":"https:\/\/www.lintelligentdabidjan.info\/news\/?p=42766"},"modified":"2026-03-12T14:23:32","modified_gmt":"2026-03-12T13:23:32","slug":"jif-2026-au-cafop-de-dabou-emeline-djadja-appelle-les-futures-enseignantes-a-defendre-les-droits-des-femmes","status":"publish","type":"post","link":"https:\/\/www.lintelligentdabidjan.info\/news\/jif-2026-au-cafop-de-dabou-emeline-djadja-appelle-les-futures-enseignantes-a-defendre-les-droits-des-femmes\/","title":{"rendered":"JIF 2026 au CAFOP de Dabou:  \u00c9m\u00e9line Djadja appelle les futures enseignantes \u00e0 d\u00e9fendre les droits des femmes"},"content":{"rendered":"<p><strong>\u00c0 Dabou, \u00c9m\u00e9line Djadja exhorte les futures enseignantes \u00e0 d\u00e9fendre les droits des femmes.\u00a0<\/strong><\/p>\n<p>La Journ\u00e9e internationale des droits des femmes (JIF) 2026, (c\u00e9l\u00e9br\u00e9e chaque 8 mars dans le monde) , a \u00e9t\u00e9 marqu\u00e9e au CAFOP de Dabou, par une c\u00e9r\u00e9monie plac\u00e9e sous le signe de la r\u00e9flexion et de l\u2019engagement en faveur de l\u2019\u00e9galit\u00e9.<br \/>\nIniti\u00e9e par la directrice de l\u2019\u00e9tablissement, Mariam Coulibaly, en collaboration avec l\u2019Association des enseignantes, cette premi\u00e8re \u00e9dition locale s\u2019est d\u00e9roul\u00e9e autour du th\u00e8me national : \u00ab Justice pour tous : agir pour les femmes de C\u00f4te d\u2019Ivoire \u00bb. Elle a r\u00e9uni professeures, \u00e9l\u00e8ves ma\u00eetresses ainsi que des stagiaires de l\u2019\u00c9cole normale sup\u00e9rieure d\u2019Abidjan (ENS).<br \/>\nMarraine de la c\u00e9r\u00e9monie, \u00c9m\u00e9line Djadja, pr\u00e9sidente de l\u2019organisation Abussu Lissel et originaire de Dabou, a encourag\u00e9 les futures enseignantes \u00e0 s\u2019impliquer activement dans la promotion des droits des femmes.<br \/>\n\u00ab\u202fVous \u00eates appel\u00e9es \u00e0 \u00eatre des mod\u00e8les pour les jeunes g\u00e9n\u00e9rations. Par votre engagement, vous pouvez contribuer \u00e0 changer les mentalit\u00e9s et \u00e0 am\u00e9liorer les conditions de vie des femmes\u202f\u00bb, a t elle d\u00e9clar\u00e9 devant les participantes.<br \/>\nElle a \u00e9galement invit\u00e9 les \u00e9l\u00e8ves ma\u00eetresses \u00e0 pers\u00e9v\u00e9rer dans leurs \u00e9tudes et dans leur future mission \u00e9ducative, rappelant que l\u2019\u00e9ducation demeure un levier essentiel pour l\u2019autonomisation des femmes et le d\u00e9veloppement des communaut\u00e9s.<br \/>\nProfitant de cette tribune, la marraine a salu\u00e9 la vision du ministre des Sports Adj\u00e9 Silas Metch pour le d\u00e9veloppement de Dabou, estimant que \u00ab\u202fson engagement pour un Dabou debout et dynamique mobilise de plus en plus les filles et fils de la localit\u00e9 autour du progr\u00e8s de leur cit\u00e9\u202f\u00bb.<br \/>\nLa c\u00e9r\u00e9monie s\u2019est d\u00e9roul\u00e9e en pr\u00e9sence de plusieurs personnalit\u00e9s, dont Mme Boussia, secr\u00e9taire g\u00e9n\u00e9rale de la Direction r\u00e9gionale de l\u2019\u00c9ducation nationale et de l\u2019Alphab\u00e9tisation (DRENA), ainsi qu\u2019une d\u00e9l\u00e9gation de la Mutuelle g\u00e9n\u00e9rale des fonctionnaires et agents de l\u2019\u00c9tat de C\u00f4te d\u2019Ivoire (MUGEFCI).<br \/>\nDans son intervention, Mme Boussia a rappel\u00e9 le r\u00f4le central de la formation des futures enseignantes dans la promotion de l\u2019\u00e9galit\u00e9 des chances et des valeurs d\u2019\u00e9quit\u00e9 au sein de la soci\u00e9t\u00e9.<br \/>\nLa c\u00e9l\u00e9bration s\u2019est achev\u00e9e dans une atmosph\u00e8re conviviale, traduisant l\u2019engagement des participantes en faveur de l\u2019autonomisation des femmes et de la promotion de leurs droits en C\u00f4te d\u2019Ivoire, particuli\u00e8rement \u00e0 Dabou o\u00f9 les femmes jouent un r\u00f4le essentiel dans le d\u00e9veloppement local.<\/p>\n<p><strong>Olivier Dion<\/strong><\/p>\n","protected":false},"excerpt":{"rendered":"<p>\u00c0 Dabou, \u00c9m\u00e9line Djadja exhorte les futures enseignantes \u00e0 d\u00e9fendre les droits des femmes.\u00a0 La Journ\u00e9e internationale des droits des femmes (JIF) 2026, (c\u00e9l\u00e9br\u00e9e chaque 8 mars dans le monde) , a \u00e9t\u00e9 marqu\u00e9e au CAFOP de Dabou, par une c\u00e9r\u00e9monie plac\u00e9e sous le signe de la r\u00e9flexion et de l\u2019engagement en faveur de l\u2019\u00e9galit\u00e9. [&hellip;]<\/p>\n","protected":false},"author":4,"featured_media":42768,"comment_status":"closed","ping_status":"closed","sticky":false,"template":"","format":"standard","meta":{"footnotes":""},"categories":[2,3],"tags":[2956,921,7360,6845,7359,7358],"class_list":["post-42766","post","type-post","status-publish","format-standard","has-post-thumbnail","hentry","category-featured","category-societe","tag-cafop","tag-dabou","tag-emeline-djadja","tag-jif-2026","tag-les-droits-des-femmes","tag-les-futures-enseignantes"],"_links":{"self":[{"href":"https:\/\/www.lintelligentdabidjan.info\/news\/wp-json\/wp\/v2\/posts\/42766","targetHints":{"allow":["GET"]}}],"collection":[{"href":"https:\/\/www.lintelligentdabidjan.info\/news\/wp-json\/wp\/v2\/posts"}],"about":[{"href":"https:\/\/www.lintelligentdabidjan.info\/news\/wp-json\/wp\/v2\/types\/post"}],"author":[{"embeddable":true,"href":"https:\/\/www.lintelligentdabidjan.info\/news\/wp-json\/wp\/v2\/users\/4"}],"replies":[{"embeddable":true,"href":"https:\/\/www.lintelligentdabidjan.info\/news\/wp-json\/wp\/v2\/comments?post=42766"}],"version-history":[{"count":1,"href":"https:\/\/www.lintelligentdabidjan.info\/news\/wp-json\/wp\/v2\/posts\/42766\/revisions"}],"predecessor-version":[{"id":42767,"href":"https:\/\/www.lintelligentdabidjan.info\/news\/wp-json\/wp\/v2\/posts\/42766\/revisions\/42767"}],"wp:featuredmedia":[{"embeddable":true,"href":"https:\/\/www.lintelligentdabidjan.info\/news\/wp-json\/wp\/v2\/media\/42768"}],"wp:attachment":[{"href":"https:\/\/www.lintelligentdabidjan.info\/news\/wp-json\/wp\/v2\/media?parent=42766"}],"wp:term":[{"taxonomy":"category","embeddable":true,"href":"https:\/\/www.lintelligentdabidjan.info\/news\/wp-json\/wp\/v2\/categories?post=42766"},{"taxonomy":"post_tag","embeddable":true,"href":"https:\/\/www.lintelligentdabidjan.info\/news\/wp-json\/wp\/v2\/tags?post=42766"}],"curies":[{"name":"wp","href":"https:\/\/api.w.org\/{rel}","templated":true}]}}