{"id":42776,"date":"2026-03-13T03:54:01","date_gmt":"2026-03-13T02:54:01","guid":{"rendered":"https:\/\/www.lintelligentdabidjan.info\/news\/?p=42776"},"modified":"2026-03-13T03:54:08","modified_gmt":"2026-03-13T02:54:08","slug":"lintelligent-en-pdf-assemblee-nationale-le-foncier-rural-ivoirien-numerise-contre-le-flou","status":"publish","type":"post","link":"https:\/\/www.lintelligentdabidjan.info\/news\/lintelligent-en-pdf-assemblee-nationale-le-foncier-rural-ivoirien-numerise-contre-le-flou\/","title":{"rendered":"L&#8217;Intelligent en PDF:\u00a0Assembl\u00e9e nationale  Le foncier rural ivoirien num\u00e9ris\u00e9 contre le flou"},"content":{"rendered":"<p dir=\"ltr\"><strong>La Commission des affaires \u00e9conomiques et financi\u00e8res (CAEF) de l\u2019Assembl\u00e9e nationale a adopt\u00e9 \u00e0 l\u2019unanimit\u00e9, le jeudi 12 mars 2026, le projet de loi instituant le Syst\u00e8me d\u2019information du foncier rural de C\u00f4te d\u2019Ivoire (SIFOR\u2011CI). Le texte a \u00e9t\u00e9 d\u00e9fendu devant les d\u00e9put\u00e9s par le ministre de l\u2019Agriculture ,\u00a0 du D\u00e9veloppement rural et des Productions vivri\u00e8res , Bruno Nabagn\u00e9 Kon\u00e9. Quelle est la d\u00e9claration faite par le ministre \u00e0 cette occasion?\u00a0<\/strong><\/p>\n<p dir=\"ltr\">La r\u00e9ponse \u00e0 d\u00e9couvrir dans vos kiosques et en ligne sur&#8230;<\/p>\n<p><a href=\"https:\/\/news.abidjan.net\/titrologie\/39-lintelligent-dabidjan\/articles\" target=\"_blank\" rel=\"noopener\">https:\/\/news.abidjan.net\/titrologie\/39-lintelligent-dabidjan\/articles<\/a><\/p>\n<p dir=\"ltr\">\u00c0 lire aussi ce que\u00a0 cachent les 5 000 tonnes quotidiennes d&#8217;ordures d&#8217;Abidjan; Un strat\u00e8ge \u00e0 la planification agricole en C\u00f4te d&#8217;Ivoire; Le PDCI-RDA ne plie pas face \u00e0 la\u00a0 bronca de quatre d\u00e9put\u00e9s; Dao S\u00e9kou d\u00e9crypte l&#8217;IFTAR d&#8217;un soir \u00e0\u00a0 L&#8217;intelligent d&#8217;Abidjan.<\/p>\n<p dir=\"ltr\">Cliquez pour les d\u00e9tails<\/p>\n<p><a href=\"https:\/\/www.afrikipresse.com\/abonnement\" target=\"_blank\" rel=\"noopener\">https:\/\/www.afrikipresse.com\/abonnement<\/a><\/p>\n<p dir=\"ltr\">\u00c0\u00a0 voir \u00e9galement double affaire au P\u00f4le p\u00e9nal \u00e9conomique et financier: Nazonna K. Soro et\u00a0 remise de vivres \u00e0 400 familles par la Fondation EFG.<\/p>\n<p><a href=\"https:\/\/www.pressecotedivoire.fr\/titrologie\" target=\"_blank\" rel=\"noopener\">https:\/\/www.pressecotedivoire.fr\/titrologie<\/a><\/p>\n","protected":false},"excerpt":{"rendered":"<p>La Commission des affaires \u00e9conomiques et financi\u00e8res (CAEF) de l\u2019Assembl\u00e9e nationale a adopt\u00e9 \u00e0 l\u2019unanimit\u00e9, le jeudi 12 mars 2026, le projet de loi instituant le Syst\u00e8me d\u2019information du foncier rural de C\u00f4te d\u2019Ivoire (SIFOR\u2011CI). Le texte a \u00e9t\u00e9 d\u00e9fendu devant les d\u00e9put\u00e9s par le ministre de l\u2019Agriculture ,\u00a0 du D\u00e9veloppement rural et des Productions [&hellip;]<\/p>\n","protected":false},"author":4,"featured_media":42777,"comment_status":"closed","ping_status":"closed","sticky":false,"template":"","format":"standard","meta":{"footnotes":""},"categories":[2,3],"tags":[],"class_list":["post-42776","post","type-post","status-publish","format-standard","has-post-thumbnail","hentry","category-featured","category-societe"],"_links":{"self":[{"href":"https:\/\/www.lintelligentdabidjan.info\/news\/wp-json\/wp\/v2\/posts\/42776","targetHints":{"allow":["GET"]}}],"collection":[{"href":"https:\/\/www.lintelligentdabidjan.info\/news\/wp-json\/wp\/v2\/posts"}],"about":[{"href":"https:\/\/www.lintelligentdabidjan.info\/news\/wp-json\/wp\/v2\/types\/post"}],"author":[{"embeddable":true,"href":"https:\/\/www.lintelligentdabidjan.info\/news\/wp-json\/wp\/v2\/users\/4"}],"replies":[{"embeddable":true,"href":"https:\/\/www.lintelligentdabidjan.info\/news\/wp-json\/wp\/v2\/comments?post=42776"}],"version-history":[{"count":1,"href":"https:\/\/www.lintelligentdabidjan.info\/news\/wp-json\/wp\/v2\/posts\/42776\/revisions"}],"predecessor-version":[{"id":42778,"href":"https:\/\/www.lintelligentdabidjan.info\/news\/wp-json\/wp\/v2\/posts\/42776\/revisions\/42778"}],"wp:featuredmedia":[{"embeddable":true,"href":"https:\/\/www.lintelligentdabidjan.info\/news\/wp-json\/wp\/v2\/media\/42777"}],"wp:attachment":[{"href":"https:\/\/www.lintelligentdabidjan.info\/news\/wp-json\/wp\/v2\/media?parent=42776"}],"wp:term":[{"taxonomy":"category","embeddable":true,"href":"https:\/\/www.lintelligentdabidjan.info\/news\/wp-json\/wp\/v2\/categories?post=42776"},{"taxonomy":"post_tag","embeddable":true,"href":"https:\/\/www.lintelligentdabidjan.info\/news\/wp-json\/wp\/v2\/tags?post=42776"}],"curies":[{"name":"wp","href":"https:\/\/api.w.org\/{rel}","templated":true}]}}