{"id":42782,"date":"2026-03-13T10:49:51","date_gmt":"2026-03-13T09:49:51","guid":{"rendered":"https:\/\/www.lintelligentdabidjan.info\/news\/?p=42782"},"modified":"2026-03-13T10:49:59","modified_gmt":"2026-03-13T09:49:59","slug":"agbovilledes-femmes-du-grand-marche-sensibilisees-sur-lendometriose","status":"publish","type":"post","link":"https:\/\/www.lintelligentdabidjan.info\/news\/agbovilledes-femmes-du-grand-marche-sensibilisees-sur-lendometriose\/","title":{"rendered":"Agboville:Des femmes du grand march\u00e9 sensibilis\u00e9es sur l\u2019endom\u00e9triose"},"content":{"rendered":"<div><strong>Plusieurs femmes du grand march\u00e9 d\u2019Agboville ont pris part, mardi 10 mars 2026, \u00e0 une s\u00e9ance de sensibilisation consacr\u00e9e \u00e0 l\u2019endom\u00e9triose, une pathologie encore largement m\u00e9connue. L\u2019initiative est de l\u2019ONG Endo Woman Afrika, en collaboration avec le minist\u00e8re de la Femme, de la Famille et de l\u2019Enfant et l\u2019organisation Equipop, selon une note transmise \u00e0 la presse.<\/strong><\/div>\n<div><\/div>\n<div>Cette rencontre, tenue dans le grand march\u00e9,\u00a0 visait \u00e0 aider les femmes et les jeunes filles \u00e0 mieux comprendre cette maladie, \u00e0 en reconna\u00eetre les manifestations et \u00e0 adopter les bons r\u00e9flexes pour une prise en charge pr\u00e9coce. Les questions li\u00e9es \u00e0 la sant\u00e9 et \u00e0 la dignit\u00e9 menstruelle ont \u00e9galement \u00e9t\u00e9 abord\u00e9es.<\/div>\n<div><\/div>\n<div>\u00ab Nous avons initi\u00e9 cette journ\u00e9e de sensibilisation sur cette pathologie m\u00e9connue appel\u00e9e l\u2019endom\u00e9triose, qui fait des ravages. Il s\u2019agit d\u2019\u00e9clairer les femmes, notamment les jeunes filles en \u00e2ge de procr\u00e9er qui ont des r\u00e8gles abondantes accompagn\u00e9es de fortes douleurs. Souvent, on pense qu\u2019il s\u2019agit simplement de r\u00e8gles douloureuses alors que cela peut \u00eatre le signe d\u2019une maladie, notamment l\u2019endom\u00e9triose \u00bb, a expliqu\u00e9 Assepo Delya Laeticia Gandonou, vice\u2011pr\u00e9sidente de l\u2019ONG.<\/div>\n<div><\/div>\n<div>Elle a \u00e9galement plaid\u00e9 pour l\u2019int\u00e9gration de la prise en charge de l\u2019endom\u00e9triose dans la Couverture maladie universelle (CMU) afin de faciliter l\u2019acc\u00e8s aux soins.<\/div>\n<div><\/div>\n<div>Au cours de la s\u00e9ance, le m\u00e9decin g\u00e9n\u00e9raliste Yao Kouakou Justin a pr\u00e9sent\u00e9 la d\u00e9finition de la maladie, ses causes, ses manifestations et ses cons\u00e9quences. Selon lui, l\u2019endom\u00e9triose correspond \u00e0 la diss\u00e9mination des cellules de l\u2019endom\u00e8tre \u2014 tissu qui tapisse normalement l\u2019int\u00e9rieur de l\u2019ut\u00e9rus \u2014 vers d\u2019autres parties du corps.<\/div>\n<div><\/div>\n<div>\u00ab Ces cellules peuvent migrer vers les trompes, la vessie ou les ovaires. Leur \u00e9volution est rythm\u00e9e par les hormones, notamment lors de l\u2019ovulation. C\u2019est pourquoi la maladie concerne uniquement les femmes \u00bb, a\u2011t\u2011il pr\u00e9cis\u00e9.<\/div>\n<div><\/div>\n<div>Les \u00e9changes ont permis aux participantes d\u2019obtenir des \u00e9claircissements sur cette maladie encore peu connue. L\u2019initiative, organis\u00e9e en marge de la Journ\u00e9e internationale des droits des femmes, a \u00e9t\u00e9 salu\u00e9e par Marie Colette N\u2019Gbesso, pr\u00e9sidente du vivrier du grand march\u00e9 d\u2019Agboville.<\/div>\n<div><\/div>\n<div>\u00ab Nous ne connaissions pas vraiment cette maladie (\u2026) Nous allons \u00e0 notre tour sensibiliser nos filles et nos s\u0153urs sur cette question \u00bb, a\u2011t\u2011elle confi\u00e9.<\/div>\n<div><\/div>\n<div><\/div>\n<div><\/div>\n<div><strong>Olivier Dion avec Gerard Batoua et Sercom<\/strong><\/div>\n<div><\/div>\n<div><\/div>\n<div><\/div>\n<div><\/div>\n<div><\/div>\n","protected":false},"excerpt":{"rendered":"<p>Plusieurs femmes du grand march\u00e9 d\u2019Agboville ont pris part, mardi 10 mars 2026, \u00e0 une s\u00e9ance de sensibilisation consacr\u00e9e \u00e0 l\u2019endom\u00e9triose, une pathologie encore largement m\u00e9connue. L\u2019initiative est de l\u2019ONG Endo Woman Afrika, en collaboration avec le minist\u00e8re de la Femme, de la Famille et de l\u2019Enfant et l\u2019organisation Equipop, selon une note transmise \u00e0 [&hellip;]<\/p>\n","protected":false},"author":4,"featured_media":42783,"comment_status":"closed","ping_status":"closed","sticky":false,"template":"","format":"standard","meta":{"_monsterinsights_skip_tracking":false,"_monsterinsights_sitenote_active":false,"_monsterinsights_sitenote_note":"","_monsterinsights_sitenote_category":0,"footnotes":""},"categories":[2,3],"tags":[255,5915,7370,7371,4082],"class_list":["post-42782","post","type-post","status-publish","format-standard","has-post-thumbnail","hentry","category-featured","category-societe","tag-agboville","tag-des-femmes","tag-grand-marche","tag-lendometriose","tag-sensibilisees"],"_links":{"self":[{"href":"https:\/\/www.lintelligentdabidjan.info\/news\/wp-json\/wp\/v2\/posts\/42782","targetHints":{"allow":["GET"]}}],"collection":[{"href":"https:\/\/www.lintelligentdabidjan.info\/news\/wp-json\/wp\/v2\/posts"}],"about":[{"href":"https:\/\/www.lintelligentdabidjan.info\/news\/wp-json\/wp\/v2\/types\/post"}],"author":[{"embeddable":true,"href":"https:\/\/www.lintelligentdabidjan.info\/news\/wp-json\/wp\/v2\/users\/4"}],"replies":[{"embeddable":true,"href":"https:\/\/www.lintelligentdabidjan.info\/news\/wp-json\/wp\/v2\/comments?post=42782"}],"version-history":[{"count":1,"href":"https:\/\/www.lintelligentdabidjan.info\/news\/wp-json\/wp\/v2\/posts\/42782\/revisions"}],"predecessor-version":[{"id":42784,"href":"https:\/\/www.lintelligentdabidjan.info\/news\/wp-json\/wp\/v2\/posts\/42782\/revisions\/42784"}],"wp:featuredmedia":[{"embeddable":true,"href":"https:\/\/www.lintelligentdabidjan.info\/news\/wp-json\/wp\/v2\/media\/42783"}],"wp:attachment":[{"href":"https:\/\/www.lintelligentdabidjan.info\/news\/wp-json\/wp\/v2\/media?parent=42782"}],"wp:term":[{"taxonomy":"category","embeddable":true,"href":"https:\/\/www.lintelligentdabidjan.info\/news\/wp-json\/wp\/v2\/categories?post=42782"},{"taxonomy":"post_tag","embeddable":true,"href":"https:\/\/www.lintelligentdabidjan.info\/news\/wp-json\/wp\/v2\/tags?post=42782"}],"curies":[{"name":"wp","href":"https:\/\/api.w.org\/{rel}","templated":true}]}}