{"id":42790,"date":"2026-03-13T11:21:30","date_gmt":"2026-03-13T10:21:30","guid":{"rendered":"https:\/\/www.lintelligentdabidjan.info\/news\/?p=42790"},"modified":"2026-03-13T11:21:30","modified_gmt":"2026-03-13T10:21:30","slug":"le-made-in-cote-divoire-sinstalle-en-seine-saint-denis-pour-seduire-leurope","status":"publish","type":"post","link":"https:\/\/www.lintelligentdabidjan.info\/news\/le-made-in-cote-divoire-sinstalle-en-seine-saint-denis-pour-seduire-leurope\/","title":{"rendered":"Le \u00ab Made in C\u00f4te d\u2019Ivoire \u00bb s\u2019installe en Seine-Saint-Denis pour s\u00e9duire l\u2019Europe"},"content":{"rendered":"<p><strong>L&#8217;ambassadeur Bandaman Kouakou veut changer le statut d\u2019exportateur de mati\u00e8re premi\u00e8re.<\/strong><\/p>\n<p>La salle CIEL de l\u2019espace Oasis de la Madeleine \u00e0 Noisy\u2011le\u2011Sec a accueilli, le samedi 7 mars 2026, la deuxi\u00e8me \u00e9dition de la foire commerciale d\u00e9di\u00e9e au Made in C\u00f4te d\u2019Ivoire.<\/p>\n<p>Organis\u00e9 par l\u2019Ambassade de C\u00f4te d\u2019Ivoire en France en partenariat avec la mairie de Noisy\u2011le\u2011Sec (banlieue parisienne), l\u2019\u00e9v\u00e9nement a r\u00e9uni artisans, entrepreneurs, investisseurs et grand public autour d\u2019une journ\u00e9e riche en d\u00e9gustations, d\u00e9monstrations, panels \u00e9conomiques et valorisation du savoir\u2011faire ivoirien. Une initiative qui s\u2019inscrit dans la strat\u00e9gie de diplomatie \u00e9conomique port\u00e9e par Abidjan en Europe.<\/p>\n<p>En pr\u00e9sence de SEM Maurice Kouakou Bandaman, ambassadeur de C\u00f4te d\u2019Ivoire en France, et du maire de Noisy\u2011le\u2011Sec, M. Olivier Sarrabeyrouse, la foire prolonge , via le service commercial de l\u2019ambassade et sous la coordination du Dr. Drissa Kon\u00e9, les actions de diplomatie \u00e9conomique engag\u00e9es apr\u00e8s la participation ivoirienne au Salon International de l\u2019Agriculture 2026 de Paris.<\/p>\n<p>\u00c0 cette occasion, les visiteurs ont d\u00e9couvert une diversit\u00e9 de secteurs d&#8217;activit\u00e9 repr\u00e9sent\u00e9s : chocolat artisanal et produits d\u00e9riv\u00e9s du cacao, caf\u00e9 de sp\u00e9cialit\u00e9 et innovations autour de la torr\u00e9faction, produits agroalimentaires et confiseries, artisanat, mode, cosm\u00e9tiques, ainsi que la gastronomie ivoirienne. Les master-class du ma\u00eetre chocolatier Axel\u2011Emmanuel Gbaou et de la caf\u00e9ologue Maria Dion\u2011Gokan ont constitu\u00e9 des temps forts, attirant un public s\u00e9duit par la qualit\u00e9 des d\u00e9monstrations et des d\u00e9gustations. Des panels \u00e9conomiques ont \u00e9galement permis d\u2019aborder des sujets tels que l\u2019acc\u00e8s des produits africains au march\u00e9 europ\u00e9en, les normes \u00e0 respecter ou encore les strat\u00e9gies commerciales adapt\u00e9es aux entrepreneurs ivoiriens.<\/p>\n<p>La pr\u00e9sence de Pascal Gentil, Conseiller au CESER \u00cele\u2011de\u2011France, charg\u00e9 de mission au groupe ADP et double m\u00e9daill\u00e9 olympique de taekwondo, et d\u2019une d\u00e9l\u00e9gation d\u2019investisseurs, a t\u00e9moign\u00e9 de l\u2019int\u00e9r\u00eat des acteurs \u00e9conomiques fran\u00e7ais pour les fili\u00e8res ivoiriennes. Le maire de Noisy\u2011le\u2011Sec, M. Olivier Sarrabeyrouse, a exprim\u00e9 l&#8217;int\u00e9r\u00eat de sa municipalit\u00e9 \u00e0 accompagner une telle initiative pour la deuxi\u00e8me fois. Il a salu\u00e9 l\u2019engagement de l\u2019ambassadeur Maurice Kouakou Bandaman et soulign\u00e9 la volont\u00e9 de la ville de renforcer les liens \u00e9conomiques et culturels avec la C\u00f4te d\u2019Ivoire. Il a \u00e9galement insist\u00e9 sur le r\u00f4le essentiel des diasporas africaines, et notamment ivoiriennes, dans le dynamisme \u00e9conomique et culturel de Noisy\u2011le\u2011Sec, rappelant que l\u2019accueil de cette foire permettait de valoriser la diversit\u00e9 locale et l\u2019entrepreneuriat issu de l\u2019immigration. Selon lui, ce type d\u2019\u00e9v\u00e9nement contribue \u00e0 faire conna\u00eetre les produits ivoiriens au public fran\u00e7ais, \u00e0 favoriser des partenariats commerciaux et \u00e0 cr\u00e9er des ponts \u00e9conomiques entre la France et l\u2019Afrique.<\/p>\n<p>Lors de sa prise de parole, l\u2019ambassadeur Maurice Kouakou Bandaman a rappel\u00e9 que l\u2019objectif de la foire \u00e9tait de rendre le \u201cMade in C\u00f4te d\u2019Ivoire\u201d visible et comp\u00e9titif sur le march\u00e9 europ\u00e9en, affirmant que la diplomatie ivoirienne doit servir \u00e0 ouvrir des march\u00e9s aux entreprises nationales. Il a \u00e9galement insist\u00e9 sur la n\u00e9cessit\u00e9 pour la C\u00f4te d\u2019Ivoire de passer du statut de pays exportateur de mati\u00e8res premi\u00e8res \u00e0 celui de pays transformateur, en valorisant localement le cacao, le caf\u00e9, les produits agro-alimentaires et l\u2019artisanat. Selon lui, promouvoir le Made in C\u00f4te d\u2019Ivoire revient \u00e0 mettre en avant le savoir\u2011faire industriel et artisanal du pays, et non plus seulement ses mati\u00e8res premi\u00e8res.<br \/>\nSuite \u00e0 deuxi\u00e8me \u00e9dition de la foire du Made in C\u00f4te d\u2019Ivoire, les organisateurs entendent poursuivre le renforcement des liens entre la C\u00f4te d\u2019Ivoire, sa diaspora et les acteurs \u00e9conomiques europ\u00e9ens. L&#8217;objectif final \u00e9tant de promouvoir les produits ivoiriens transform\u00e9s, de faciliter les \u00e9changes entre entrepreneurs et partenaires europ\u00e9ens, et d\u2019encourager l\u2019exportation vers l\u2019Europe en accompagnant les porteurs de projets sur les normes et les r\u00e9glementations du march\u00e9 europ\u00e9en.<\/p>\n<p><strong>Jean-Paul Oro \u00e0 Paris<\/strong><\/p>\n","protected":false},"excerpt":{"rendered":"<p>L&#8217;ambassadeur Bandaman Kouakou veut changer le statut d\u2019exportateur de mati\u00e8re premi\u00e8re. La salle CIEL de l\u2019espace Oasis de la Madeleine \u00e0 Noisy\u2011le\u2011Sec a accueilli, le samedi 7 mars 2026, la deuxi\u00e8me \u00e9dition de la foire commerciale d\u00e9di\u00e9e au Made in C\u00f4te d\u2019Ivoire. Organis\u00e9 par l\u2019Ambassade de C\u00f4te d\u2019Ivoire en France en partenariat avec la mairie [&hellip;]<\/p>\n","protected":false},"author":4,"featured_media":42791,"comment_status":"closed","ping_status":"closed","sticky":false,"template":"","format":"standard","meta":{"_monsterinsights_skip_tracking":false,"_monsterinsights_sitenote_active":false,"_monsterinsights_sitenote_note":"","_monsterinsights_sitenote_category":0,"footnotes":""},"categories":[2,18,21],"tags":[7381,7379,7380],"class_list":["post-42790","post","type-post","status-publish","format-standard","has-post-thumbnail","hentry","category-featured","category-economie","category-international","tag-leurope","tag-le-made-in-cote-divoire","tag-seine-saint-denis"],"_links":{"self":[{"href":"https:\/\/www.lintelligentdabidjan.info\/news\/wp-json\/wp\/v2\/posts\/42790","targetHints":{"allow":["GET"]}}],"collection":[{"href":"https:\/\/www.lintelligentdabidjan.info\/news\/wp-json\/wp\/v2\/posts"}],"about":[{"href":"https:\/\/www.lintelligentdabidjan.info\/news\/wp-json\/wp\/v2\/types\/post"}],"author":[{"embeddable":true,"href":"https:\/\/www.lintelligentdabidjan.info\/news\/wp-json\/wp\/v2\/users\/4"}],"replies":[{"embeddable":true,"href":"https:\/\/www.lintelligentdabidjan.info\/news\/wp-json\/wp\/v2\/comments?post=42790"}],"version-history":[{"count":1,"href":"https:\/\/www.lintelligentdabidjan.info\/news\/wp-json\/wp\/v2\/posts\/42790\/revisions"}],"predecessor-version":[{"id":42792,"href":"https:\/\/www.lintelligentdabidjan.info\/news\/wp-json\/wp\/v2\/posts\/42790\/revisions\/42792"}],"wp:featuredmedia":[{"embeddable":true,"href":"https:\/\/www.lintelligentdabidjan.info\/news\/wp-json\/wp\/v2\/media\/42791"}],"wp:attachment":[{"href":"https:\/\/www.lintelligentdabidjan.info\/news\/wp-json\/wp\/v2\/media?parent=42790"}],"wp:term":[{"taxonomy":"category","embeddable":true,"href":"https:\/\/www.lintelligentdabidjan.info\/news\/wp-json\/wp\/v2\/categories?post=42790"},{"taxonomy":"post_tag","embeddable":true,"href":"https:\/\/www.lintelligentdabidjan.info\/news\/wp-json\/wp\/v2\/tags?post=42790"}],"curies":[{"name":"wp","href":"https:\/\/api.w.org\/{rel}","templated":true}]}}