{"id":42823,"date":"2026-03-18T05:34:17","date_gmt":"2026-03-18T04:34:17","guid":{"rendered":"https:\/\/www.lintelligentdabidjan.info\/news\/?p=42823"},"modified":"2026-03-18T05:37:50","modified_gmt":"2026-03-18T04:37:50","slug":"rupture-collective-de-jeune-a-korhogo-le-cmd-ci-rassemble-des-leaders-autour-de-la-paix","status":"publish","type":"post","link":"https:\/\/www.lintelligentdabidjan.info\/news\/rupture-collective-de-jeune-a-korhogo-le-cmd-ci-rassemble-des-leaders-autour-de-la-paix\/","title":{"rendered":"Rupture collective de je\u00fbne \u00e0 Korhogo :Le\u00a0 CMD\u2011CI rassemble des leaders autour de la paix"},"content":{"rendered":"<p><strong>Dans le contexte du Ramadan et du Car\u00eame, l\u2019organisation Citoyens en Marche pour le D\u00e9veloppement en C\u00f4te d\u2019Ivoire (CMD\u2011CI) a organis\u00e9, le samedi 14 mars 2026, une rupture collective baptis\u00e9e \u00ab Carrefour des leaders \u00bb dans le quartier Nouveau de Korhogo. L\u2019initiative a rassembl\u00e9 pr\u00e8s de 300 leaders de jeunesse et responsables d\u2019organisations communautaires autour des valeurs de paix, de pardon et d\u2019unit\u00e9.<\/strong><\/p>\n<p>Selon le pr\u00e9sident du CMD\u2011CI, Coulibaly N\u2019golo, cette rencontre visait \u00e0 rapprocher les leaders afin de renforcer la coh\u00e9sion sociale et leur engagement en faveur du d\u00e9veloppement du pays.<\/p>\n<p>\u00ab Nous avons initi\u00e9 cette rupture collective pour rassembler les leaders et les inviter \u00e0 se pardonner en cette p\u00e9riode de p\u00e9nitence. La C\u00f4te d\u2019Ivoire ne peut pas se d\u00e9velopper si les uns et les autres restent divis\u00e9s. Si la jeunesse est unie, la vision du Pr\u00e9sident de la R\u00e9publique peut \u00eatre atteinte \u00bb, a\u2011t\u2011il d\u00e9clar\u00e9.<\/p>\n<p>Malgr\u00e9 certaines contraintes organisationnelles, l\u2019\u00e9v\u00e9nement a connu une forte mobilisation. \u00ab Nous avions pr\u00e9vu environ 100 participants, mais pr\u00e8s de 280 personnes ont finalement r\u00e9pondu pr\u00e9sentes. L\u2019objectif est donc largement atteint \u00bb, s\u2019est r\u00e9joui Coulibaly N\u2019golo.<\/p>\n<p>Profitant de cette tribune, il a \u00e9galement exhort\u00e9 les jeunes leaders \u00e0 prier pour la paix et \u00e0 promouvoir la discipline, le civisme et l\u2019engagement citoyen. \u00ab Nous voulons une jeunesse responsable et engag\u00e9e dans la construction de notre pays. J\u2019appelle les leaders \u00e0 privil\u00e9gier l\u2019entente et l\u2019unit\u00e9 pour l\u2019int\u00e9r\u00eat g\u00e9n\u00e9ral \u00bb, a\u2011t\u2011il plaid\u00e9.<\/p>\n<p>Plusieurs participants ont salu\u00e9 cette initiative qui a permis de renforcer les liens entre leaders communautaires. \u00ab C\u2019est une belle initiative que je salue. F\u00e9licitations au CMD\u2011CI pour cet esprit de solidarit\u00e9 et de partage \u00bb, a indiqu\u00e9 Soro Sana, pr\u00e9sident de la Ligue des patriotes.<\/p>\n<p>Le CMD\u2011CI se pr\u00e9sente comme une plateforme citoyenne visant \u00e0 rapprocher populations, acteurs politiques et administration afin de renforcer la participation citoyenne et contribuer au d\u00e9veloppement de la C\u00f4te d\u2019Ivoire.<\/p>\n<p>&nbsp;<\/p>\n<p><strong>Nambac\u00e9r\u00e9 Jo\u00ebl\u00a0<\/strong><\/p>\n<p>&nbsp;<\/p>\n<p>&nbsp;<\/p>\n<p>&nbsp;<\/p>\n","protected":false},"excerpt":{"rendered":"<p>Dans le contexte du Ramadan et du Car\u00eame, l\u2019organisation Citoyens en Marche pour le D\u00e9veloppement en C\u00f4te d\u2019Ivoire (CMD\u2011CI) a organis\u00e9, le samedi 14 mars 2026, une rupture collective baptis\u00e9e \u00ab Carrefour des leaders \u00bb dans le quartier Nouveau de Korhogo. L\u2019initiative a rassembl\u00e9 pr\u00e8s de 300 leaders de jeunesse et responsables d\u2019organisations communautaires autour [&hellip;]<\/p>\n","protected":false},"author":4,"featured_media":42824,"comment_status":"closed","ping_status":"closed","sticky":false,"template":"","format":"standard","meta":{"footnotes":""},"categories":[2,3],"tags":[7419,5972,7417,7418,7416],"class_list":["post-42823","post","type-post","status-publish","format-standard","has-post-thumbnail","hentry","category-featured","category-societe","tag-des-leaders","tag-la-paix","tag-le-cmd-ci","tag-rassemble","tag-rupture-collective-de-jeune-a-korhogo"],"_links":{"self":[{"href":"https:\/\/www.lintelligentdabidjan.info\/news\/wp-json\/wp\/v2\/posts\/42823","targetHints":{"allow":["GET"]}}],"collection":[{"href":"https:\/\/www.lintelligentdabidjan.info\/news\/wp-json\/wp\/v2\/posts"}],"about":[{"href":"https:\/\/www.lintelligentdabidjan.info\/news\/wp-json\/wp\/v2\/types\/post"}],"author":[{"embeddable":true,"href":"https:\/\/www.lintelligentdabidjan.info\/news\/wp-json\/wp\/v2\/users\/4"}],"replies":[{"embeddable":true,"href":"https:\/\/www.lintelligentdabidjan.info\/news\/wp-json\/wp\/v2\/comments?post=42823"}],"version-history":[{"count":1,"href":"https:\/\/www.lintelligentdabidjan.info\/news\/wp-json\/wp\/v2\/posts\/42823\/revisions"}],"predecessor-version":[{"id":42825,"href":"https:\/\/www.lintelligentdabidjan.info\/news\/wp-json\/wp\/v2\/posts\/42823\/revisions\/42825"}],"wp:featuredmedia":[{"embeddable":true,"href":"https:\/\/www.lintelligentdabidjan.info\/news\/wp-json\/wp\/v2\/media\/42824"}],"wp:attachment":[{"href":"https:\/\/www.lintelligentdabidjan.info\/news\/wp-json\/wp\/v2\/media?parent=42823"}],"wp:term":[{"taxonomy":"category","embeddable":true,"href":"https:\/\/www.lintelligentdabidjan.info\/news\/wp-json\/wp\/v2\/categories?post=42823"},{"taxonomy":"post_tag","embeddable":true,"href":"https:\/\/www.lintelligentdabidjan.info\/news\/wp-json\/wp\/v2\/tags?post=42823"}],"curies":[{"name":"wp","href":"https:\/\/api.w.org\/{rel}","templated":true}]}}