{"id":42854,"date":"2026-03-19T03:24:46","date_gmt":"2026-03-19T02:24:46","guid":{"rendered":"https:\/\/www.lintelligentdabidjan.info\/news\/?p=42854"},"modified":"2026-03-19T03:24:52","modified_gmt":"2026-03-19T02:24:52","slug":"daloa-linfas-intensifie-la-lutte-contre-les-violences-a-caractere-sexuel","status":"publish","type":"post","link":"https:\/\/www.lintelligentdabidjan.info\/news\/daloa-linfas-intensifie-la-lutte-contre-les-violences-a-caractere-sexuel\/","title":{"rendered":"Daloa : l\u2019INFAS intensifie la lutte contre les violences \u00e0 caract\u00e8re sexuel"},"content":{"rendered":"<p><strong>L\u2019antenne de Institut national de formation des agents de sant\u00e9 (INFAS) de Daloa a organis\u00e9, le 15 mars 2026, une conf\u00e9rence de sensibilisation consacr\u00e9e aux violences \u00e0 caract\u00e8re sexuel dans la grande salle ITA de l\u2019\u00e9tablissement.\u00a0<\/strong><\/p>\n<p>Cette activit\u00e9 s\u2019inscrit dans le cadre de la c\u00e9l\u00e9bration de la Journ\u00e9e internationale des droits de la femme.<\/p>\n<p>Plac\u00e9e sous le th\u00e8me \u00ab \u00c9galit\u00e9, justice, dignit\u00e9 : renforcer l\u2019engagement de l\u2019INFAS contre les violences \u00e0 caract\u00e8re sexuel \u00bb, la rencontre visait \u00e0 sensibiliser les apprenants et le personnel administratif aux diff\u00e9rentes formes de violences \u00e0 caract\u00e8re sexuel, tout en promouvant un environnement d\u2019\u00e9tude et de travail respectueux des droits humains.<\/p>\n<p>La conf\u00e9rence a r\u00e9uni \u00e9tudiants, encadreurs et responsables administratifs autour d\u2019\u00e9changes portant sur la pr\u00e9vention, l\u2019identification et la d\u00e9nonciation des violences \u00e0 caract\u00e8re sexuel (VACS), un ph\u00e9nom\u00e8ne encore pr\u00e9occupant dans plusieurs milieux \u00e9ducatifs.<\/p>\n<p>Prenant la parole, le chef d\u2019antenne de l\u2019INFAS de Daloa, N\u2019dri Alexis, a salu\u00e9 la tenue de cette activit\u00e9 qu\u2019il a jug\u00e9e opportune.<\/p>\n<p>Selon lui, des cas de violences \u00e0 caract\u00e8re sexuel ont d\u00e9j\u00e0 \u00e9t\u00e9 constat\u00e9s au sein de l\u2019institution, aussi bien \u00e0 Daloa que dans d\u2019autres antennes de l\u2019INFAS. Il a insist\u00e9 sur la n\u00e9cessit\u00e9 de promouvoir une culture du respect, de l\u2019\u00e9galit\u00e9 entre les sexes et de la responsabilit\u00e9 individuelle.<\/p>\n<p>La conf\u00e9rence a \u00e9t\u00e9 anim\u00e9e par Gouannou Lydie, charg\u00e9e de l\u2019\u00e9galit\u00e9 des genres au Projet d\u2019appui \u00e0 des services de sant\u00e9 adapt\u00e9s au genre et \u00e9quitables (PASSAGE).<\/p>\n<p>S\u2019appuyant sur les statistiques 2023 du Minist\u00e8re de la Femme, de la Famille et de l\u2019Enfant, elle a rappel\u00e9 l\u2019ampleur des violences faites aux femmes et aux filles en C\u00f4te d\u2019Ivoire.<\/p>\n<p>Les donn\u00e9es officielles font \u00e9tat de 1 798 cas de violences psychologiques, 920 cas de viol, 287 agressions sexuelles, 25 cas de mutilations g\u00e9nitales f\u00e9minines, 153 mariages forc\u00e9s et 4 394 cas de d\u00e9ni de ressources et d\u2019opportunit\u00e9s.<\/p>\n<p>Face \u00e0 cette situation, la conf\u00e9renci\u00e8re a exhort\u00e9 les victimes \u00e0 briser le silence afin de favoriser la prise en charge des cas et de renforcer la lutte contre ces violences.<\/p>\n<p>Dans cette dynamique, l\u2019INFAS a r\u00e9cemment mis en place un comit\u00e9 de pr\u00e9vention et de lutte contre les violences \u00e0 caract\u00e8re sexuel au sein de l\u2019antenne de Daloa, dans le but de renforcer la sensibilisation et la vigilance au sein de la communaut\u00e9 estudiantine.<\/p>\n<p><strong>Beker Yao\u00a0<\/strong><\/p>\n<p>&nbsp;<\/p>\n<p>&nbsp;<\/p>\n<p>&nbsp;<\/p>\n","protected":false},"excerpt":{"rendered":"<p>L\u2019antenne de Institut national de formation des agents de sant\u00e9 (INFAS) de Daloa a organis\u00e9, le 15 mars 2026, une conf\u00e9rence de sensibilisation consacr\u00e9e aux violences \u00e0 caract\u00e8re sexuel dans la grande salle ITA de l\u2019\u00e9tablissement.\u00a0 Cette activit\u00e9 s\u2019inscrit dans le cadre de la c\u00e9l\u00e9bration de la Journ\u00e9e internationale des droits de la femme. Plac\u00e9e [&hellip;]<\/p>\n","protected":false},"author":4,"featured_media":42855,"comment_status":"closed","ping_status":"closed","sticky":false,"template":"","format":"standard","meta":{"_monsterinsights_skip_tracking":false,"_monsterinsights_sitenote_active":false,"_monsterinsights_sitenote_note":"","_monsterinsights_sitenote_category":0,"footnotes":""},"categories":[2,3],"tags":[7444,105,6133,7295,2658],"class_list":["post-42854","post","type-post","status-publish","format-standard","has-post-thumbnail","hentry","category-featured","category-societe","tag-caractere-sexuel","tag-daloa","tag-linfas","tag-les-violences","tag-lutte"],"_links":{"self":[{"href":"https:\/\/www.lintelligentdabidjan.info\/news\/wp-json\/wp\/v2\/posts\/42854","targetHints":{"allow":["GET"]}}],"collection":[{"href":"https:\/\/www.lintelligentdabidjan.info\/news\/wp-json\/wp\/v2\/posts"}],"about":[{"href":"https:\/\/www.lintelligentdabidjan.info\/news\/wp-json\/wp\/v2\/types\/post"}],"author":[{"embeddable":true,"href":"https:\/\/www.lintelligentdabidjan.info\/news\/wp-json\/wp\/v2\/users\/4"}],"replies":[{"embeddable":true,"href":"https:\/\/www.lintelligentdabidjan.info\/news\/wp-json\/wp\/v2\/comments?post=42854"}],"version-history":[{"count":1,"href":"https:\/\/www.lintelligentdabidjan.info\/news\/wp-json\/wp\/v2\/posts\/42854\/revisions"}],"predecessor-version":[{"id":42856,"href":"https:\/\/www.lintelligentdabidjan.info\/news\/wp-json\/wp\/v2\/posts\/42854\/revisions\/42856"}],"wp:featuredmedia":[{"embeddable":true,"href":"https:\/\/www.lintelligentdabidjan.info\/news\/wp-json\/wp\/v2\/media\/42855"}],"wp:attachment":[{"href":"https:\/\/www.lintelligentdabidjan.info\/news\/wp-json\/wp\/v2\/media?parent=42854"}],"wp:term":[{"taxonomy":"category","embeddable":true,"href":"https:\/\/www.lintelligentdabidjan.info\/news\/wp-json\/wp\/v2\/categories?post=42854"},{"taxonomy":"post_tag","embeddable":true,"href":"https:\/\/www.lintelligentdabidjan.info\/news\/wp-json\/wp\/v2\/tags?post=42854"}],"curies":[{"name":"wp","href":"https:\/\/api.w.org\/{rel}","templated":true}]}}