{"id":42882,"date":"2026-03-20T00:17:48","date_gmt":"2026-03-19T23:17:48","guid":{"rendered":"https:\/\/www.lintelligentdabidjan.info\/news\/?p=42882"},"modified":"2026-03-20T00:18:12","modified_gmt":"2026-03-19T23:18:12","slug":"21-mois-en-prison-et-toujours-pas-de-liberation-pour-kds-encore-un-ramadan-dans-le-desarroi","status":"publish","type":"post","link":"https:\/\/www.lintelligentdabidjan.info\/news\/21-mois-en-prison-et-toujours-pas-de-liberation-pour-kds-encore-un-ramadan-dans-le-desarroi\/","title":{"rendered":"21 mois en prison et toujours pas de lib\u00e9ration pour KDS : encore un ramadan dans le d\u00e9sarroi"},"content":{"rendered":"<p><strong>21 mois en prison et combien de mois de ramadan ou de p\u00e9riode de car\u00eame ? En attendant d\u2019en savoir plus , KDS n\u2019est pas au bout de ses peines ou de son d\u00e9sarroi.<\/strong><\/p>\n<p>Le P\u00f4le p\u00e9nal \u00e9conomique et financier de C\u00f4te d\u2019Ivoire (PPEF-CI) a clos, le 19 mars 2026 \u00e0 Abidjan, ses audiences correctionnelles avant la f\u00eate de Ramadan, marqu\u00e9es par des aveux de plusieurs pr\u00e9venus et le prononc\u00e9 de peines d\u2019emprisonnement assorties d\u2019amendes.<\/p>\n<p>Statuant publiquement et contradictoirement, le tribunal a inflig\u00e9 des peines allant de 18 mois \u00e0 5 ans de prison, tandis que certains accus\u00e9s ont \u00e9t\u00e9 relax\u00e9s pour d\u00e9lits non \u00e9tablis.<\/p>\n<p>Parmi les d\u00e9cisions, K. K\u00e9vin et K. Y Albert, poursuivis pour d\u00e9tention de drogue en vue de la vente, ont \u00e9t\u00e9 condamn\u00e9s \u00e0 5 ans d\u2019emprisonnement ferme et 10 millions de FCFA d\u2019amende chacun, avec confiscation des substances saisies.<br \/>\nDe son c\u00f4t\u00e9, D. Souleymane, impliqu\u00e9 dans des activit\u00e9s d\u2019orpaillage ill\u00e9gal et d\u2019intrusion dans la for\u00eat class\u00e9e de Ta\u00ef, a \u00e9cop\u00e9 de 24 mois de prison.<br \/>\n\u00ab\u202fSi vous n\u2019\u00eates pas d\u2019accord, vous avez 20 jours pour faire appel depuis votre lieu de d\u00e9tention\u202f\u00bb, a rappel\u00e9 la pr\u00e9sidente apr\u00e8s chaque verdict.<\/p>\n<p>D\u00e9bat tendu autour d\u2019une demande de libert\u00e9 provisoire<\/p>\n<p>L\u2019audience a \u00e9galement \u00e9t\u00e9 marqu\u00e9e par de vifs \u00e9changes autour de la demande de libert\u00e9 provisoire introduite par Me Konan Barth\u00e9l\u00e9my pour son client K. D. S\u00e9verin.<\/p>\n<p>\u00ab\u202fMon client est en d\u00e9tention depuis 21 mois. Il vit un drame psychologique, sa famille est disloqu\u00e9e. Nous sollicitons sa mise en libert\u00e9 provisoire avec un cautionnement de 10 millions de FCFA, que des \u00e2mes g\u00e9n\u00e9reuses sont pr\u00eates \u00e0 payer\u00bb, a plaid\u00e9 l\u2019avocat.<\/p>\n<p>Le parquet, repr\u00e9sent\u00e9 par Kamagat\u00e9 Nina Claude, s\u2019y est oppos\u00e9 :<br \/>\n\u00ab\u202fL\u2019instruction est termin\u00e9e et l\u2019ordonnance de renvoi a fait l\u2019objet d\u2019appel. Il nous est difficile de statuer sans le dossier physique.\u202f\u00bb<\/p>\n<p>R\u00e9plique de la d\u00e9fense :<br \/>\n\u00ab\u202fOn ne peut pas maintenir quelqu\u2019un en d\u00e9tention sous pr\u00e9texte de l\u2019absence du dossier. Cela ne rel\u00e8ve pas du fait du pr\u00e9venu.\u202f\u00bb<\/p>\n<p>Face \u00e0 cette controverse, le Tribunal a mis l\u2019affaire en d\u00e9lib\u00e9r\u00e9 au 25 mars 2026.<\/p>\n<p>Pour rappel, K. D. S\u00e9verin est poursuivi pour escroquerie portant sur plus de 10 milliards de FCFA et blanchiment de capitaux, dans une affaire impliquant plus de 3 000 souscripteurs.<\/p>\n<p><strong>Olivier Dion<\/strong><\/p>\n","protected":false},"excerpt":{"rendered":"<p>21 mois en prison et combien de mois de ramadan ou de p\u00e9riode de car\u00eame ? En attendant d\u2019en savoir plus , KDS n\u2019est pas au bout de ses peines ou de son d\u00e9sarroi. Le P\u00f4le p\u00e9nal \u00e9conomique et financier de C\u00f4te d\u2019Ivoire (PPEF-CI) a clos, le 19 mars 2026 \u00e0 Abidjan, ses audiences correctionnelles [&hellip;]<\/p>\n","protected":false},"author":4,"featured_media":42883,"comment_status":"closed","ping_status":"closed","sticky":false,"template":"","format":"standard","meta":{"footnotes":""},"categories":[2,17],"tags":[7457,7459,1662,4115,7458],"class_list":["post-42882","post","type-post","status-publish","format-standard","has-post-thumbnail","hentry","category-featured","category-politique","tag-kds","tag-le-desarroi","tag-liberation","tag-prison","tag-un-ramadan"],"_links":{"self":[{"href":"https:\/\/www.lintelligentdabidjan.info\/news\/wp-json\/wp\/v2\/posts\/42882","targetHints":{"allow":["GET"]}}],"collection":[{"href":"https:\/\/www.lintelligentdabidjan.info\/news\/wp-json\/wp\/v2\/posts"}],"about":[{"href":"https:\/\/www.lintelligentdabidjan.info\/news\/wp-json\/wp\/v2\/types\/post"}],"author":[{"embeddable":true,"href":"https:\/\/www.lintelligentdabidjan.info\/news\/wp-json\/wp\/v2\/users\/4"}],"replies":[{"embeddable":true,"href":"https:\/\/www.lintelligentdabidjan.info\/news\/wp-json\/wp\/v2\/comments?post=42882"}],"version-history":[{"count":1,"href":"https:\/\/www.lintelligentdabidjan.info\/news\/wp-json\/wp\/v2\/posts\/42882\/revisions"}],"predecessor-version":[{"id":42884,"href":"https:\/\/www.lintelligentdabidjan.info\/news\/wp-json\/wp\/v2\/posts\/42882\/revisions\/42884"}],"wp:featuredmedia":[{"embeddable":true,"href":"https:\/\/www.lintelligentdabidjan.info\/news\/wp-json\/wp\/v2\/media\/42883"}],"wp:attachment":[{"href":"https:\/\/www.lintelligentdabidjan.info\/news\/wp-json\/wp\/v2\/media?parent=42882"}],"wp:term":[{"taxonomy":"category","embeddable":true,"href":"https:\/\/www.lintelligentdabidjan.info\/news\/wp-json\/wp\/v2\/categories?post=42882"},{"taxonomy":"post_tag","embeddable":true,"href":"https:\/\/www.lintelligentdabidjan.info\/news\/wp-json\/wp\/v2\/tags?post=42882"}],"curies":[{"name":"wp","href":"https:\/\/api.w.org\/{rel}","templated":true}]}}