{"id":42892,"date":"2026-03-23T10:47:48","date_gmt":"2026-03-23T09:47:48","guid":{"rendered":"https:\/\/www.lintelligentdabidjan.info\/news\/?p=42892"},"modified":"2026-03-23T10:48:22","modified_gmt":"2026-03-23T09:48:22","slug":"deces-de-guillaume-houphouet-boignyles-cantons-akoue-et-nanafoue-solidaires","status":"publish","type":"post","link":"https:\/\/www.lintelligentdabidjan.info\/news\/deces-de-guillaume-houphouet-boignyles-cantons-akoue-et-nanafoue-solidaires\/","title":{"rendered":"D\u00e9c\u00e8s de Guillaume Houphou\u00ebt-Boigny:Les cantons Akou\u00e8 et Nanafou\u00e9 solidaires"},"content":{"rendered":"<p class=\"s5\"><strong><span class=\"s4\">Conduite par le chef du village de Kami, Nana Konan Kan, une d\u00e9l\u00e9gation compos\u00e9e de chefs traditionnels des cantons <\/span><span class=\"s4\">Akou\u00e8<\/span><span class=\"s4\"> (43 villages) et <\/span><span class=\"s4\">Nanafou\u00e9<\/span><span class=\"s4\"> (27 villages), de repr\u00e9sentants des communaut\u00e9s baoul\u00e9, malink\u00e9 et de la Communaut\u00e9 \u00e9conomique des \u00c9tats de l&#8217;Afrique de l&#8217;Ouest, ainsi que d\u2019associations de femmes, de jeunes et du personnel du district autonome de Yamoussoukro, s\u2019est rendue dimanche 22 mars 2026 \u00e0 la r\u00e9sidence familiale des Boigny, \u00e0 Cocody, pour pr\u00e9senter ses condol\u00e9ances \u00e0 la famille de Guillaume Houphou\u00ebt-Boigny.<\/span><\/strong><\/p>\n<p class=\"s5\"><span class=\"s4\">Premi\u00e8re d\u00e9l\u00e9gation re\u00e7ue en d\u00e9but de soir\u00e9e, elle a exprim\u00e9 sa compassion \u00e0 la famille \u00e9plor\u00e9e dans le recueillement. Au nom du chef du canton <\/span><span class=\"s4\">Akou\u00e8<\/span><span class=\"s4\">, Nanan Boigny N\u2019<\/span><span class=\"s4\">dri<\/span><span class=\"s4\"> III, parent du d\u00e9funt, Nana <\/span><span class=\"s4\">Dj\u00e9dj\u00e9wu\u00e9<\/span><span class=\"s4\"> II, chef du village d\u2019<\/span><span class=\"s4\">Akpessekro<\/span><span class=\"s4\">, a salu\u00e9 la m\u00e9moire du disparu et rappel\u00e9 l\u2019attachement des populations \u00e0 la famille de F\u00e9lix Houphou\u00ebt-Boigny.<\/span><\/p>\n<p class=\"s5\"><span class=\"s4\">\u00ab Lorsque nous avons appris cette triste nouvelle, nous avons tenu \u00e0 venir partager cette douleur avec la grande famille Boigny. Nous pleurons un fils de la nation, h\u00e9ritier d\u2019un homme qui a marqu\u00e9 l\u2019histoire de notre pays \u00bb, a-t-il d\u00e9clar\u00e9.<\/span><\/p>\n<p class=\"s5\"><span class=\"s4\">En signe de solidarit\u00e9, la d\u00e9l\u00e9gation a remis deux pagnes kita, deux cartons de gin et une enveloppe de cinq millions de francs CFA pour soutenir l\u2019accueil des visiteurs attendus durant les obs\u00e8ques. Le porte-parole de la famille <\/span><span class=\"s4\">Amoikon<\/span><span class=\"s4\">Banga\u00a0 a<\/span><span class=\"s4\"> salu\u00e9 ce geste de fraternit\u00e9 des parents paternels du d\u00e9funt.<\/span><\/p>\n<p class=\"s5\"><span class=\"s4\">D\u00e9c\u00e9d\u00e9 le 12 mars 2026 \u00e0 l\u2019\u00e2ge de 89 ans, Guillaume Houphou\u00ebt-Boigny \u00e9tait le quatri\u00e8me et dernier fils du couple form\u00e9 par F\u00e9lix Houphou\u00ebt-Boigny et <\/span><span class=\"s4\">Kadidja<\/span><span class=\"s4\"> Sow. La messe de requiem est pr\u00e9vue le mercredi 25 mars en l\u2019\u00e9glise Saint-Jean de Cocody, avant l\u2019inhumation dans l\u2019intimit\u00e9 familiale \u00e0 Abengourou.\u00a0<\/span><\/p>\n<p class=\"s5\"><strong><span class=\"s4\">Harry Diallo<\/span><\/strong><\/p>\n","protected":false},"excerpt":{"rendered":"<p>Conduite par le chef du village de Kami, Nana Konan Kan, une d\u00e9l\u00e9gation compos\u00e9e de chefs traditionnels des cantons Akou\u00e8 (43 villages) et Nanafou\u00e9 (27 villages), de repr\u00e9sentants des communaut\u00e9s baoul\u00e9, malink\u00e9 et de la Communaut\u00e9 \u00e9conomique des \u00c9tats de l&#8217;Afrique de l&#8217;Ouest, ainsi que d\u2019associations de femmes, de jeunes et du personnel du district [&hellip;]<\/p>\n","protected":false},"author":4,"featured_media":42894,"comment_status":"closed","ping_status":"closed","sticky":false,"template":"","format":"standard","meta":{"footnotes":""},"categories":[2,3],"tags":[7466,7465,6397,7467,7468],"class_list":["post-42892","post","type-post","status-publish","format-standard","has-post-thumbnail","hentry","category-featured","category-societe","tag-akoue","tag-deces-de-guillaume-houphouet-boigny","tag-les-cantons","tag-nanafoue","tag-solidaires"],"_links":{"self":[{"href":"https:\/\/www.lintelligentdabidjan.info\/news\/wp-json\/wp\/v2\/posts\/42892","targetHints":{"allow":["GET"]}}],"collection":[{"href":"https:\/\/www.lintelligentdabidjan.info\/news\/wp-json\/wp\/v2\/posts"}],"about":[{"href":"https:\/\/www.lintelligentdabidjan.info\/news\/wp-json\/wp\/v2\/types\/post"}],"author":[{"embeddable":true,"href":"https:\/\/www.lintelligentdabidjan.info\/news\/wp-json\/wp\/v2\/users\/4"}],"replies":[{"embeddable":true,"href":"https:\/\/www.lintelligentdabidjan.info\/news\/wp-json\/wp\/v2\/comments?post=42892"}],"version-history":[{"count":1,"href":"https:\/\/www.lintelligentdabidjan.info\/news\/wp-json\/wp\/v2\/posts\/42892\/revisions"}],"predecessor-version":[{"id":42895,"href":"https:\/\/www.lintelligentdabidjan.info\/news\/wp-json\/wp\/v2\/posts\/42892\/revisions\/42895"}],"wp:featuredmedia":[{"embeddable":true,"href":"https:\/\/www.lintelligentdabidjan.info\/news\/wp-json\/wp\/v2\/media\/42894"}],"wp:attachment":[{"href":"https:\/\/www.lintelligentdabidjan.info\/news\/wp-json\/wp\/v2\/media?parent=42892"}],"wp:term":[{"taxonomy":"category","embeddable":true,"href":"https:\/\/www.lintelligentdabidjan.info\/news\/wp-json\/wp\/v2\/categories?post=42892"},{"taxonomy":"post_tag","embeddable":true,"href":"https:\/\/www.lintelligentdabidjan.info\/news\/wp-json\/wp\/v2\/tags?post=42892"}],"curies":[{"name":"wp","href":"https:\/\/api.w.org\/{rel}","templated":true}]}}