{"id":42959,"date":"2026-03-27T06:56:00","date_gmt":"2026-03-27T05:56:00","guid":{"rendered":"https:\/\/www.lintelligentdabidjan.info\/news\/?p=42959"},"modified":"2026-03-27T06:56:16","modified_gmt":"2026-03-27T05:56:16","slug":"campagne-intermediaire-du-cacao-les-producteurs-dagboville-rassures-sur-lenlevement-des-stocks","status":"publish","type":"post","link":"https:\/\/www.lintelligentdabidjan.info\/news\/campagne-intermediaire-du-cacao-les-producteurs-dagboville-rassures-sur-lenlevement-des-stocks\/","title":{"rendered":"Campagne interm\u00e9diaire\u00a0du cacao: Les producteurs d\u2019Agboville rassur\u00e9s sur l\u2019enl\u00e8vement des stocks"},"content":{"rendered":"<p><strong>La rencontre de lancement de la campagne interm\u00e9diaire de commercialisation du cacao par la d\u00e9l\u00e9gation du Conseil caf\u00e9-cacao (CCC) s\u2019est tenue le mercredi 25 mars 2026 \u00e0 la salle de r\u00e9union de la pr\u00e9fecture d\u2019Agboville, dans un esprit apais\u00e9 et convivial.<\/strong><\/p>\n<p>Sous la pr\u00e9sidence de Sihindou Coulibaly, pr\u00e9fet de r\u00e9gion de l\u2019Agn\u00e9by-Tiassa et du d\u00e9partement d\u2019Agboville, et en pr\u00e9sence de Gnamien Kablan Olivier, d\u00e9l\u00e9gu\u00e9 r\u00e9gional du CCC, ainsi que des repr\u00e9sentants du minist\u00e8re de l\u2019Agriculture et de l\u2019Organisation interprofessionnelle agricole, les producteurs et responsables de coop\u00e9ratives ont pu \u00e9changer sur la commercialisation des stocks interm\u00e9diaires d\u00e9but\u00e9e le 1er mars.<\/p>\n<p>Ax\u00e9s\u00a0 sur la commercialisation de la campagne interm\u00e9diaire d\u00e9but\u00e9e depuis le 1er mars, les responsables du Conseil caf\u00e9-cacao, les producteurs et les responsables de soci\u00e9t\u00e9s coop\u00e9ratives ont eu des \u00e9changes conviviaux et apais\u00e9s. \u00ab Nous ne sommes pas oppos\u00e9s \u00e0 la fixation du prix \u00e0 1200 francs CFA\/kg. Mais avec les stocks encore dans nos magasins, nous ne savons plus quoi dire \u00e0 nos producteurs. Non seulement nous n&#8217;arrivons pas \u00e0 vendre mais les producteurs en s\u00e9rieuses difficult\u00e9s ne cessent de nous solliciter. Je vous dis que la situation est intenable pour les coop\u00e9ratives et producteurs. C&#8217;est notre gros souci. Et nous pensons que si l&#8217;enl\u00e8vement est fait par une seule soci\u00e9t\u00e9, ce sera difficile et m\u00eame quasi impossible. Nous sommes inquiets \u00bb, s&#8217;est inqui\u00e9t\u00e9 Dramane Sawadogo, porte-parole des coop\u00e9ratives de l&#8217;Agn\u00e9by.<\/p>\n<p>Pour lui, les acteurs de la fili\u00e8re s&#8217;en remettent au chef de l&#8217;\u00c9tat. \u00ab Si nous sommes crisp\u00e9s, c&#8217;est parce que nous sommes d\u00e9pass\u00e9s. Nous nous remettons au chef de l&#8217;\u00c9tat. Car nos planteurs ne savent pas \u00e0 quel saint se vouer. C&#8217;est pourquoi nous plaidons pour que vous puissiez transmettre au chef de l&#8217;\u00c9tat notre v\u0153u de le voir prendre toutes les d\u00e9cisions pour l&#8217;enl\u00e8vement du cacao pour le bonheur des producteurs. \u00bb, a pri\u00e9 Dramane Sawadogo. Succ\u00e9dant au porte-parole des coop\u00e9ratives agricoles, Atsain Jean Jacques, secr\u00e9taire g\u00e9n\u00e9ral 1 de la pr\u00e9fecture d&#8217;Agboville, repr\u00e9sentant Sihindou Coulibaly, pr\u00e9fet de r\u00e9gion de l&#8217;Agn\u00e9by-Tiassa, pr\u00e9fet du d\u00e9partement d&#8217;Agboville, a rassur\u00e9 les producteurs et les responsables des coop\u00e9ratives qu&#8217;ils prendront toutes les dispositions n\u00e9cessaires pour transmettre leur message au gouvernement. \u00ab Nous avons not\u00e9 avec int\u00e9r\u00eat vos pr\u00e9occupations de l&#8217;enl\u00e8vement de vos stocks r\u00e9siduels. Il faut savoir que l&#8217;\u00c9tat se tient toujours \u00e0 vos c\u00f4t\u00e9s. Et il fait mains et pieds pour r\u00e9soudre ce probl\u00e8me pour que vous retrouviez la joie. Soyez-en s\u00fbrs, l&#8217;\u00c9tat travaille pour vous et est conscient de vos r\u00e9alit\u00e9s quotidiennes. C&#8217;est pourquoi le syst\u00e8me de stabilisation a financ\u00e9 \u00e0 hauteur de 280 milliards pour l&#8217;enl\u00e8vement de vos produits \u00bb, a galvanis\u00e9 Atsain Jean Jacques. Au cours de cette rencontre, Gnamien Kablan Olivier, d\u00e9l\u00e9gu\u00e9 r\u00e9gional du CCC, a\u00a0 tout d&#8217;abord d\u00e9voil\u00e9 les contraintes qui ont amen\u00e9 les autorit\u00e9s administratives \u00e0 prendre certaines mesures et \u00e0 modifier le calendrier habituel des campagnes. \u00ab L&#8217;\u00c9tat a fait beaucoup. Dans notre d\u00e9l\u00e9gation, 42 sur 61 soci\u00e9t\u00e9s coop\u00e9ratives ont pu d\u00e9charger. On se bat pour l&#8217;enl\u00e8vement du stock r\u00e9siduel qui est estim\u00e9 \u00e0 4000 tonnes \u00bb, a martel\u00e9 le d\u00e9l\u00e9gu\u00e9 r\u00e9gional du CCC. En outre, il a fait savoir que d\u00e9sormais les campagnes de commercialisation sont fix\u00e9es du 1er septembre \u00e0 fin f\u00e9vrier et du 1er mars \u00e0 fin ao\u00fbt. Cela, explique-t-il, pour permettre aux planteurs de pouvoir faire face aux contingences de chaque rentr\u00e9e scolaire.<\/p>\n<p><strong>Ahou Moay\u00e9 \u00e0 Agboville<\/strong><\/p>\n<p>&nbsp;<\/p>\n<p>&nbsp;<\/p>\n<p>&nbsp;<\/p>\n<p>&nbsp;<\/p>\n<p>&nbsp;<\/p>\n<p>&nbsp;<\/p>\n<p>&nbsp;<\/p>\n<p>&nbsp;<\/p>\n","protected":false},"excerpt":{"rendered":"<p>La rencontre de lancement de la campagne interm\u00e9diaire de commercialisation du cacao par la d\u00e9l\u00e9gation du Conseil caf\u00e9-cacao (CCC) s\u2019est tenue le mercredi 25 mars 2026 \u00e0 la salle de r\u00e9union de la pr\u00e9fecture d\u2019Agboville, dans un esprit apais\u00e9 et convivial. Sous la pr\u00e9sidence de Sihindou Coulibaly, pr\u00e9fet de r\u00e9gion de l\u2019Agn\u00e9by-Tiassa et du d\u00e9partement [&hellip;]<\/p>\n","protected":false},"author":4,"featured_media":42960,"comment_status":"closed","ping_status":"closed","sticky":false,"template":"","format":"standard","meta":{"footnotes":""},"categories":[2,18],"tags":[7510,5891,7511,5892],"class_list":["post-42959","post","type-post","status-publish","format-standard","has-post-thumbnail","hentry","category-featured","category-economie","tag-campagne-intermediaire-du-cacao","tag-lenlevement","tag-les-producteurs-dagboville","tag-stocks"],"_links":{"self":[{"href":"https:\/\/www.lintelligentdabidjan.info\/news\/wp-json\/wp\/v2\/posts\/42959","targetHints":{"allow":["GET"]}}],"collection":[{"href":"https:\/\/www.lintelligentdabidjan.info\/news\/wp-json\/wp\/v2\/posts"}],"about":[{"href":"https:\/\/www.lintelligentdabidjan.info\/news\/wp-json\/wp\/v2\/types\/post"}],"author":[{"embeddable":true,"href":"https:\/\/www.lintelligentdabidjan.info\/news\/wp-json\/wp\/v2\/users\/4"}],"replies":[{"embeddable":true,"href":"https:\/\/www.lintelligentdabidjan.info\/news\/wp-json\/wp\/v2\/comments?post=42959"}],"version-history":[{"count":1,"href":"https:\/\/www.lintelligentdabidjan.info\/news\/wp-json\/wp\/v2\/posts\/42959\/revisions"}],"predecessor-version":[{"id":42961,"href":"https:\/\/www.lintelligentdabidjan.info\/news\/wp-json\/wp\/v2\/posts\/42959\/revisions\/42961"}],"wp:featuredmedia":[{"embeddable":true,"href":"https:\/\/www.lintelligentdabidjan.info\/news\/wp-json\/wp\/v2\/media\/42960"}],"wp:attachment":[{"href":"https:\/\/www.lintelligentdabidjan.info\/news\/wp-json\/wp\/v2\/media?parent=42959"}],"wp:term":[{"taxonomy":"category","embeddable":true,"href":"https:\/\/www.lintelligentdabidjan.info\/news\/wp-json\/wp\/v2\/categories?post=42959"},{"taxonomy":"post_tag","embeddable":true,"href":"https:\/\/www.lintelligentdabidjan.info\/news\/wp-json\/wp\/v2\/tags?post=42959"}],"curies":[{"name":"wp","href":"https:\/\/api.w.org\/{rel}","templated":true}]}}