{"id":42968,"date":"2026-03-27T07:11:46","date_gmt":"2026-03-27T06:11:46","guid":{"rendered":"https:\/\/www.lintelligentdabidjan.info\/news\/?p=42968"},"modified":"2026-03-27T07:11:59","modified_gmt":"2026-03-27T06:11:59","slug":"lintelligent-en-pdf-decentralisation-la-cnps-ouloto-lamizana-et-nabagne-kone-sans-filtre","status":"publish","type":"post","link":"https:\/\/www.lintelligentdabidjan.info\/news\/lintelligent-en-pdf-decentralisation-la-cnps-ouloto-lamizana-et-nabagne-kone-sans-filtre\/","title":{"rendered":"\u00a0\u00a0L&#8217;Intelligent en PDF:\u00a0D\u00e9centralisation\u00a0 La CNPS , Ouloto-Lamizana et Nabagn\u00e9 Kon\u00e9 sans filtre\u00a0\u00a0"},"content":{"rendered":"<p dir=\"ltr\"><strong>Le symposium international sur les collectivit\u00e9s territoriales s\u2019est ouvert, le jeudi 26 mars 2026, \u00e0 la Fondation F\u00e9lix Houphou\u00ebt-Boigny pour la recherche de la paix, \u00e0 l\u2019initiative du S\u00e9nat de C\u00f4te d\u2019Ivoire. \u00c0 cette occasion, les ministres Ouloto-Lamizana et Nabagn\u00e9 Kon\u00e9 ainsi que le DG de la CNPS Charles Kouassi ont partag\u00e9 leur exp\u00e9rience\u00a0 . Qu&#8217;est ce qu&#8217;ils ont dit?\u00a0<\/strong><\/p>\n<p dir=\"ltr\">Article \u00e0 d\u00e9couvrir dans vos kiosques et en ligne sur&#8230;<\/p>\n<p><a href=\"https:\/\/news.abidjan.net\/titrologie\/39-lintelligent-dabidjan\/articles\" target=\"_blank\" rel=\"noopener\">https:\/\/news.abidjan.net\/titrologie\/39-lintelligent-dabidjan\/articles<\/a><\/p>\n<p dir=\"ltr\">\u00c0 voir aussi Sangafowa, Dimba, Kon\u00e9, Boulogne et une d\u00e9put\u00e9e \u00e0 la man\u0153uvre \u00e0 Paris pour le renforcement de la coop\u00e9ration C\u00f4te d&#8217;Ivoire-France; Deux ministres \u00e0 la fronti\u00e8re pour enqu\u00eater dans le cadre de la coop\u00e9ration C\u00f4te d\u2019Ivoire-Ghana, ce que Gbagbo\u00a0 a dit de Lionel Jospin; \u00a0 Promesse d&#8217;une ex\u00e9cution transparente du \u00a0 ProDeCAP, V\u00e9rification des chantiers PARU au niveau des inondations<\/p>\n<p dir=\"ltr\">Cliquez pour les d\u00e9tails<\/p>\n<p><a href=\"https:\/\/www.afrikipresse.com\/abonnement\" target=\"_blank\" rel=\"noopener\">https:\/\/www.afrikipresse.com\/abonnement<\/a><\/p>\n<p dir=\"ltr\">\u00a0\u00c0 lire \u00e9galement 34 d\u00e9put\u00e9s certifient trois ordonnances pour la transparence, int\u00e9gration et fiscalit\u00e9 et 300 jeunes appel\u00e9s \u00e0 s\u2019engager comme b\u00e9n\u00e9voles au\u00a0 MASA 2026.<\/p>\n<p><a href=\"https:\/\/www.pressecotedivoire.fr\/titrologie\" target=\"_blank\" rel=\"noopener\">https:\/\/www.pressecotedivoire.fr\/titrologie<\/a><\/p>\n<p>&nbsp;<\/p>\n","protected":false},"excerpt":{"rendered":"<p>Le symposium international sur les collectivit\u00e9s territoriales s\u2019est ouvert, le jeudi 26 mars 2026, \u00e0 la Fondation F\u00e9lix Houphou\u00ebt-Boigny pour la recherche de la paix, \u00e0 l\u2019initiative du S\u00e9nat de C\u00f4te d\u2019Ivoire. \u00c0 cette occasion, les ministres Ouloto-Lamizana et Nabagn\u00e9 Kon\u00e9 ainsi que le DG de la CNPS Charles Kouassi ont partag\u00e9 leur exp\u00e9rience\u00a0 . [&hellip;]<\/p>\n","protected":false},"author":4,"featured_media":42969,"comment_status":"closed","ping_status":"closed","sticky":false,"template":"","format":"standard","meta":{"footnotes":""},"categories":[2,3],"tags":[],"class_list":["post-42968","post","type-post","status-publish","format-standard","has-post-thumbnail","hentry","category-featured","category-societe"],"_links":{"self":[{"href":"https:\/\/www.lintelligentdabidjan.info\/news\/wp-json\/wp\/v2\/posts\/42968","targetHints":{"allow":["GET"]}}],"collection":[{"href":"https:\/\/www.lintelligentdabidjan.info\/news\/wp-json\/wp\/v2\/posts"}],"about":[{"href":"https:\/\/www.lintelligentdabidjan.info\/news\/wp-json\/wp\/v2\/types\/post"}],"author":[{"embeddable":true,"href":"https:\/\/www.lintelligentdabidjan.info\/news\/wp-json\/wp\/v2\/users\/4"}],"replies":[{"embeddable":true,"href":"https:\/\/www.lintelligentdabidjan.info\/news\/wp-json\/wp\/v2\/comments?post=42968"}],"version-history":[{"count":2,"href":"https:\/\/www.lintelligentdabidjan.info\/news\/wp-json\/wp\/v2\/posts\/42968\/revisions"}],"predecessor-version":[{"id":42971,"href":"https:\/\/www.lintelligentdabidjan.info\/news\/wp-json\/wp\/v2\/posts\/42968\/revisions\/42971"}],"wp:featuredmedia":[{"embeddable":true,"href":"https:\/\/www.lintelligentdabidjan.info\/news\/wp-json\/wp\/v2\/media\/42969"}],"wp:attachment":[{"href":"https:\/\/www.lintelligentdabidjan.info\/news\/wp-json\/wp\/v2\/media?parent=42968"}],"wp:term":[{"taxonomy":"category","embeddable":true,"href":"https:\/\/www.lintelligentdabidjan.info\/news\/wp-json\/wp\/v2\/categories?post=42968"},{"taxonomy":"post_tag","embeddable":true,"href":"https:\/\/www.lintelligentdabidjan.info\/news\/wp-json\/wp\/v2\/tags?post=42968"}],"curies":[{"name":"wp","href":"https:\/\/api.w.org\/{rel}","templated":true}]}}