{"id":42987,"date":"2026-03-28T19:04:06","date_gmt":"2026-03-28T18:04:06","guid":{"rendered":"https:\/\/www.lintelligentdabidjan.info\/news\/?p=42987"},"modified":"2026-03-28T19:05:35","modified_gmt":"2026-03-28T18:05:35","slug":"tornade-et-degats-a-prikro-abdoul-awassa-aupres-des-blesses-et-victimes","status":"publish","type":"post","link":"https:\/\/www.lintelligentdabidjan.info\/news\/tornade-et-degats-a-prikro-abdoul-awassa-aupres-des-blesses-et-victimes\/","title":{"rendered":"Tornade et d\u00e9g\u00e2ts \u00e0 Prikro : Abdoul Awassa aupr\u00e8s des bless\u00e9s et victimes"},"content":{"rendered":"<p><strong>Au lendemain de la tornade qui a ravag\u00e9 plusieurs localit\u00e9s de la commune de Prikro , causant des d\u00e9g\u00e2ts mat\u00e9riels et faisant plusieurs bless\u00e9s, le d\u00e9put\u00e9 Abdoul Awassa a effectu\u00e9 une visite de terrain le samedi 28 mars 2026 .<\/strong><\/p>\n<p>D\u00e8s son arriv\u00e9e \u00e0 l\u2019H\u00f4pital G\u00e9n\u00e9ral de Prikro, l\u2019\u00e9lu s\u2019est entretenu avec les victimes admises en service. Il s\u2019est enquis de l\u2019\u00e9tat de sant\u00e9 des bless\u00e9s, a t\u00e9moign\u00e9 sa compassion aux familles \u00e9prouv\u00e9es et a salu\u00e9 \u00ab l\u2019engagement et le professionnalisme \u00bb du personnel soignant. Sensible aux besoins imm\u00e9diats des populations affect\u00e9es, il a proc\u00e9d\u00e9 \u00e0 un don de vivres et de biens non alimentaires, destin\u00e9 \u00e0 soulager les familles les plus touch\u00e9es.<\/p>\n<p>La visite s\u2019est poursuivie sur les sites \u00e9ducatifs impact\u00e9s par l\u2019intemp\u00e9rie. \u00c0 l\u2019EPP 1 de Prikro ainsi qu\u2019au Lyc\u00e9e Moderne, le d\u00e9put\u00e9 a constat\u00e9 l\u2019ampleur des d\u00e9g\u00e2ts sur les infrastructures scolaires. Ces d\u00e9placements ont aussi \u00e9t\u00e9 l\u2019occasion d\u2019apporter un soutien moral aux familles d\u2019enseignants sinistr\u00e9es, elles aussi durement affect\u00e9es.<\/p>\n<p>\u00ab J\u2019adresse mes v\u0153ux de prompt r\u00e9tablissement aux bless\u00e9s et r\u00e9affirme mon engagement \u00e0 \u0153uvrer, en lien avec les autorit\u00e9s comp\u00e9tentes et les acteurs sociaux, afin que l\u2019accompagnement n\u00e9cessaire soit assur\u00e9 aux victimes de cette catastrophe \u00bb, a d\u00e9clar\u00e9 Abdoul Awassa.<\/p>\n<p><strong>Tour\u00e9 Abdoulaye<\/strong><\/p>\n<p>&nbsp;<\/p>\n","protected":false},"excerpt":{"rendered":"<p>Au lendemain de la tornade qui a ravag\u00e9 plusieurs localit\u00e9s de la commune de Prikro , causant des d\u00e9g\u00e2ts mat\u00e9riels et faisant plusieurs bless\u00e9s, le d\u00e9put\u00e9 Abdoul Awassa a effectu\u00e9 une visite de terrain le samedi 28 mars 2026 . D\u00e8s son arriv\u00e9e \u00e0 l\u2019H\u00f4pital G\u00e9n\u00e9ral de Prikro, l\u2019\u00e9lu s\u2019est entretenu avec les victimes admises [&hellip;]<\/p>\n","protected":false},"author":4,"featured_media":42988,"comment_status":"closed","ping_status":"closed","sticky":false,"template":"","format":"standard","meta":{"footnotes":""},"categories":[2,3],"tags":[7533,4399,7532,7531,846],"class_list":["post-42987","post","type-post","status-publish","format-standard","has-post-thumbnail","hentry","category-featured","category-societe","tag-abdoul-awassa","tag-blesses","tag-prikro","tag-tornade-et-degats","tag-victimes"],"_links":{"self":[{"href":"https:\/\/www.lintelligentdabidjan.info\/news\/wp-json\/wp\/v2\/posts\/42987","targetHints":{"allow":["GET"]}}],"collection":[{"href":"https:\/\/www.lintelligentdabidjan.info\/news\/wp-json\/wp\/v2\/posts"}],"about":[{"href":"https:\/\/www.lintelligentdabidjan.info\/news\/wp-json\/wp\/v2\/types\/post"}],"author":[{"embeddable":true,"href":"https:\/\/www.lintelligentdabidjan.info\/news\/wp-json\/wp\/v2\/users\/4"}],"replies":[{"embeddable":true,"href":"https:\/\/www.lintelligentdabidjan.info\/news\/wp-json\/wp\/v2\/comments?post=42987"}],"version-history":[{"count":1,"href":"https:\/\/www.lintelligentdabidjan.info\/news\/wp-json\/wp\/v2\/posts\/42987\/revisions"}],"predecessor-version":[{"id":42989,"href":"https:\/\/www.lintelligentdabidjan.info\/news\/wp-json\/wp\/v2\/posts\/42987\/revisions\/42989"}],"wp:featuredmedia":[{"embeddable":true,"href":"https:\/\/www.lintelligentdabidjan.info\/news\/wp-json\/wp\/v2\/media\/42988"}],"wp:attachment":[{"href":"https:\/\/www.lintelligentdabidjan.info\/news\/wp-json\/wp\/v2\/media?parent=42987"}],"wp:term":[{"taxonomy":"category","embeddable":true,"href":"https:\/\/www.lintelligentdabidjan.info\/news\/wp-json\/wp\/v2\/categories?post=42987"},{"taxonomy":"post_tag","embeddable":true,"href":"https:\/\/www.lintelligentdabidjan.info\/news\/wp-json\/wp\/v2\/tags?post=42987"}],"curies":[{"name":"wp","href":"https:\/\/api.w.org\/{rel}","templated":true}]}}