{"id":43037,"date":"2026-03-31T08:51:48","date_gmt":"2026-03-31T06:51:48","guid":{"rendered":"https:\/\/www.lintelligentdabidjan.info\/news\/?p=43037"},"modified":"2026-03-31T08:51:48","modified_gmt":"2026-03-31T06:51:48","slug":"lintelligent-en-pdf-routes-et-corridors-en-afrique-de-louest-anne-ouloto-la-vision-du-president-alassane-ouattara-ne-sarrete-pas-aux-frontieres","status":"publish","type":"post","link":"https:\/\/www.lintelligentdabidjan.info\/news\/lintelligent-en-pdf-routes-et-corridors-en-afrique-de-louest-anne-ouloto-la-vision-du-president-alassane-ouattara-ne-sarrete-pas-aux-frontieres\/","title":{"rendered":"L\u2019Intelligent en PDF :  Routes et Corridors en Afrique de l&#8217;Ouest-Anne Ouloto : &#8220;La vision du Pr\u00e9sident Alassane Ouattara ne s\u2019arr\u00eate pas aux fronti\u00e8res &#8220;"},"content":{"rendered":"<div><strong>La ministre d\u2019\u00c9tat Anne D\u00e9sir\u00e9e Ouloto-Lamizana, ministre de la Fonction publique et de la Modernisation de l\u2019administration a ouvert le Forum d\u2019Affaires UE\u2013R\u00e9gional sur les corridors ouest-africains, le lundi 30 mars 2026, au Sofitel Abidjan H\u00f4tel Ivoire, \u00e0 Abidjan Cocody. Quel est le message qu\u2019elle a livr\u00e9 \u00e0 cette occasion ?<\/strong><\/div>\n<div><\/div>\n<div>Article \u00e0 d\u00e9couvrir en ligne sur\u2026<\/div>\n<div><\/div>\n<div><a href=\"https:\/\/news.abidjan.net\/titrologie\/39-lintelligent-dabidjan\/articles\" target=\"_blank\" rel=\"noopener\">https:\/\/news.abidjan.net\/titrologie\/39-lintelligent-dabidjan\/articles<\/a><\/div>\n<div><\/div>\n<div>\u00c0 lire aussi \u00e0\u00a0 Daloa, \u201cPaquinou Ayoka 2026\u201d veut r\u00e9inventer la f\u00eate ; Comment des pr\u00e9fets prennent position concernant le\u00a0 Budget citoyen 2026, Le Comit\u00e9 international olympique\u00a0 prend position\u00a0 dans la crise au CNO-CI ;\u00a0 Le projet \u00ab Ville durable \u00bb r\u00e9concilie nature et urbanit\u00e9<\/div>\n<div><\/div>\n<div>Le projet \u00ab Ville durable \u00bb r\u00e9concilie.<\/div>\n<div><\/div>\n<div><\/div>\n<div>Cliquez pour les d\u00e9tails<\/div>\n<div><a href=\"https:\/\/www.afrikipresse.com\/abonnement\" target=\"_blank\" rel=\"noopener\">https:\/\/www.afrikipresse.com\/abonnement<\/a><\/div>\n<div><\/div>\n<div>\u00c0 voir \u00e9galement le forum C\u00f4te d\u2019Ivoire-Tunisie ouvert dans le cadre de la coop\u00e9ration Sud-Sud et Betika et Dj Kaloudji attendus\u00a0 au Grand-Akoudzin.<\/div>\n<div><\/div>\n<div><a href=\"https:\/\/www.pressecotedivoire.fr\/titrologie\" target=\"_blank\" rel=\"noopener\">https:\/\/www.pressecotedivoire.fr\/titrologie<\/a><\/div>\n<div><\/div>\n<div><\/div>\n<div><\/div>\n<div><\/div>\n","protected":false},"excerpt":{"rendered":"<p>La ministre d\u2019\u00c9tat Anne D\u00e9sir\u00e9e Ouloto-Lamizana, ministre de la Fonction publique et de la Modernisation de l\u2019administration a ouvert le Forum d\u2019Affaires UE\u2013R\u00e9gional sur les corridors ouest-africains, le lundi 30 mars 2026, au Sofitel Abidjan H\u00f4tel Ivoire, \u00e0 Abidjan Cocody. Quel est le message qu\u2019elle a livr\u00e9 \u00e0 cette occasion ? Article \u00e0 d\u00e9couvrir en [&hellip;]<\/p>\n","protected":false},"author":4,"featured_media":43038,"comment_status":"closed","ping_status":"closed","sticky":false,"template":"","format":"standard","meta":{"footnotes":""},"categories":[2,3],"tags":[],"class_list":["post-43037","post","type-post","status-publish","format-standard","has-post-thumbnail","hentry","category-featured","category-societe"],"_links":{"self":[{"href":"https:\/\/www.lintelligentdabidjan.info\/news\/wp-json\/wp\/v2\/posts\/43037","targetHints":{"allow":["GET"]}}],"collection":[{"href":"https:\/\/www.lintelligentdabidjan.info\/news\/wp-json\/wp\/v2\/posts"}],"about":[{"href":"https:\/\/www.lintelligentdabidjan.info\/news\/wp-json\/wp\/v2\/types\/post"}],"author":[{"embeddable":true,"href":"https:\/\/www.lintelligentdabidjan.info\/news\/wp-json\/wp\/v2\/users\/4"}],"replies":[{"embeddable":true,"href":"https:\/\/www.lintelligentdabidjan.info\/news\/wp-json\/wp\/v2\/comments?post=43037"}],"version-history":[{"count":1,"href":"https:\/\/www.lintelligentdabidjan.info\/news\/wp-json\/wp\/v2\/posts\/43037\/revisions"}],"predecessor-version":[{"id":43039,"href":"https:\/\/www.lintelligentdabidjan.info\/news\/wp-json\/wp\/v2\/posts\/43037\/revisions\/43039"}],"wp:featuredmedia":[{"embeddable":true,"href":"https:\/\/www.lintelligentdabidjan.info\/news\/wp-json\/wp\/v2\/media\/43038"}],"wp:attachment":[{"href":"https:\/\/www.lintelligentdabidjan.info\/news\/wp-json\/wp\/v2\/media?parent=43037"}],"wp:term":[{"taxonomy":"category","embeddable":true,"href":"https:\/\/www.lintelligentdabidjan.info\/news\/wp-json\/wp\/v2\/categories?post=43037"},{"taxonomy":"post_tag","embeddable":true,"href":"https:\/\/www.lintelligentdabidjan.info\/news\/wp-json\/wp\/v2\/tags?post=43037"}],"curies":[{"name":"wp","href":"https:\/\/api.w.org\/{rel}","templated":true}]}}