{"id":43081,"date":"2026-04-02T09:37:04","date_gmt":"2026-04-02T07:37:04","guid":{"rendered":"https:\/\/www.lintelligentdabidjan.info\/news\/?p=43081"},"modified":"2026-04-02T09:40:58","modified_gmt":"2026-04-02T07:40:58","slug":"sommet-des-filles-adolescentes-un-mouvement-panafricain-porte-par-les-jeunes-pour-legalite-entre-les-sexes","status":"publish","type":"post","link":"https:\/\/www.lintelligentdabidjan.info\/news\/sommet-des-filles-adolescentes-un-mouvement-panafricain-porte-par-les-jeunes-pour-legalite-entre-les-sexes\/","title":{"rendered":"Sommet des Filles Adolescentes :Un mouvement panafricain port\u00e9 par les jeunes pour l\u2019\u00e9galit\u00e9 entre les sexes"},"content":{"rendered":"<p><strong>La c\u00e9r\u00e9monie d\u2019ouverture de la troisi\u00e8me \u00e9dition du Sommet des Filles Adolescentes (SFA) s\u2019est tenue le mardi 31 mars 2026 \u00e0 l\u2019h\u00f4tel Les Palaces de Yamoussoukro.<\/strong><\/p>\n<p>Organis\u00e9 principalement par des adolescentes, avec le soutien de gar\u00e7ons et de jeunes adultes, ainsi que de Global Fund for Children et de ses partenaires, le Sommet des Filles Adolescentes ( Sfa)\u00a0 vise \u00e0 amplifier la voix des jeunes face aux discriminations et aux violences dont les filles sont victimes. Parmi les probl\u00e9matiques abord\u00e9es figurent les mariages d\u2019enfants, pr\u00e9coces et forc\u00e9s, l\u2019excision et les violences sexuelles. L\u2019\u00e9v\u00e9nement entend \u00e9galement outiller les adolescents afin de promouvoir l\u2019\u00e9galit\u00e9 et l\u2019\u00e9quit\u00e9 entre les sexes, tout en encourageant des mod\u00e8les de masculinit\u00e9 positive. Cette \u00e9dition, organis\u00e9e en C\u00f4te d\u2019Ivoire, r\u00e9unit pr\u00e8s de 250 participants venus de plus de 20 pays. Intervenant \u00e0 l\u2019ouverture, Jean\u2011Fran\u00e7ois Basse a dress\u00e9 un \u00e9tat des lieux pr\u00e9occupant de la situation des adolescentes dans la r\u00e9gion. \u00ab Une adolescente sur deux en \u00e2ge de fr\u00e9quenter le secondaire en Afrique de l\u2019Ouest et du Centre est d\u00e9scolaris\u00e9e. Six des dix pays enregistrant les taux les plus \u00e9lev\u00e9s de mariages d\u2019enfants se trouvent dans cette r\u00e9gion. Par ailleurs, neuf nouvelles infections sur dix au VIH parmi les adolescents concernent des filles \u00bb, a\u2011t\u2011il indiqu\u00e9.<\/p>\n<p>Selon lui, ces chiffres constituent un appel urgent \u00e0 l\u2019action pour placer les adolescentes au c\u0153ur des priorit\u00e9s nationales et transformer les engagements en r\u00e9sultats concrets. \u00ab Aux \u00c9tats repr\u00e9sent\u00e9s ici et dans toute la r\u00e9gion, nous lan\u00e7ons un appel fort : il est temps de placer les adolescentes au centre des priorit\u00e9s nationales. Nous appelons les \u00c9tats \u00e0 transformer leurs engagements en r\u00e9sultats tangibles pour que les progr\u00e8s ne soient plus l\u2019exception, mais la norme. Au secteur priv\u00e9, nous vous invitons \u00e0 rejoindre cet effort collectif. Cr\u00e9ez des opportunit\u00e9s, ouvrez des portes, accompagnez les innovations qui lib\u00e8rent le potentiel extraordinaire des filles adolescentes de ce continent\u00bb, a-t-il lanc\u00e9.\u00a0 De son c\u00f4t\u00e9, Am\u00e9 Atsu David, Co-Directrice R\u00e9gionale, Afrique, Global Fund\u00a0 for Children, a soulign\u00e9 que le sommet appartient avant tout aux adolescents et aux jeunes qui en assurent l\u2019organisation et l\u2019animation. \u00ab Notre ambition est de faire \u00e9voluer le SFA en un mouvement panafricain port\u00e9 par les jeunes, engag\u00e9 \u00e0 remettre en cause les normes n\u00e9fastes et \u00e0 promouvoir l\u2019\u00e9galit\u00e9 entre les sexes sur le continent \u00bb, a\u2011t\u2011elle affirm\u00e9.<\/p>\n<p>La troisi\u00e8me \u00e9dition du SFA est organis\u00e9e par des filles et des gar\u00e7ons \u00e2g\u00e9s de 10 \u00e0 19 ans, issus de six pays d\u2019Afrique de l\u2019Ouest. Elle se tient dans un contexte marqu\u00e9 par une r\u00e9duction de l\u2019aide internationale et des d\u00e9fis persistants pour les droits des filles et des femmes. Malgr\u00e9 ces contraintes, les jeunes organisateurs entendent faire du sommet un levier d\u2019action et de mobilisation pour l\u2019\u00e9galit\u00e9.<\/p>\n<p><strong>Olivier Dion avec A. Traor\u00e9<\/strong><\/p>\n<p>&nbsp;<\/p>\n<p>&nbsp;<\/p>\n<p>&nbsp;<\/p>\n<p>&nbsp;<\/p>\n<p>&nbsp;<\/p>\n","protected":false},"excerpt":{"rendered":"<p>La c\u00e9r\u00e9monie d\u2019ouverture de la troisi\u00e8me \u00e9dition du Sommet des Filles Adolescentes (SFA) s\u2019est tenue le mardi 31 mars 2026 \u00e0 l\u2019h\u00f4tel Les Palaces de Yamoussoukro. Organis\u00e9 principalement par des adolescentes, avec le soutien de gar\u00e7ons et de jeunes adultes, ainsi que de Global Fund for Children et de ses partenaires, le Sommet des Filles [&hellip;]<\/p>\n","protected":false},"author":4,"featured_media":43082,"comment_status":"closed","ping_status":"closed","sticky":false,"template":"","format":"standard","meta":{"footnotes":""},"categories":[2,3],"tags":[7598,5789,7599,7596,7597],"class_list":["post-43081","post","type-post","status-publish","format-standard","has-post-thumbnail","hentry","category-featured","category-societe","tag-legalite","tag-les-jeunes","tag-les-sexes","tag-sommet-des-filles-adolescentes","tag-un-mouvement-panafricain"],"_links":{"self":[{"href":"https:\/\/www.lintelligentdabidjan.info\/news\/wp-json\/wp\/v2\/posts\/43081","targetHints":{"allow":["GET"]}}],"collection":[{"href":"https:\/\/www.lintelligentdabidjan.info\/news\/wp-json\/wp\/v2\/posts"}],"about":[{"href":"https:\/\/www.lintelligentdabidjan.info\/news\/wp-json\/wp\/v2\/types\/post"}],"author":[{"embeddable":true,"href":"https:\/\/www.lintelligentdabidjan.info\/news\/wp-json\/wp\/v2\/users\/4"}],"replies":[{"embeddable":true,"href":"https:\/\/www.lintelligentdabidjan.info\/news\/wp-json\/wp\/v2\/comments?post=43081"}],"version-history":[{"count":1,"href":"https:\/\/www.lintelligentdabidjan.info\/news\/wp-json\/wp\/v2\/posts\/43081\/revisions"}],"predecessor-version":[{"id":43083,"href":"https:\/\/www.lintelligentdabidjan.info\/news\/wp-json\/wp\/v2\/posts\/43081\/revisions\/43083"}],"wp:featuredmedia":[{"embeddable":true,"href":"https:\/\/www.lintelligentdabidjan.info\/news\/wp-json\/wp\/v2\/media\/43082"}],"wp:attachment":[{"href":"https:\/\/www.lintelligentdabidjan.info\/news\/wp-json\/wp\/v2\/media?parent=43081"}],"wp:term":[{"taxonomy":"category","embeddable":true,"href":"https:\/\/www.lintelligentdabidjan.info\/news\/wp-json\/wp\/v2\/categories?post=43081"},{"taxonomy":"post_tag","embeddable":true,"href":"https:\/\/www.lintelligentdabidjan.info\/news\/wp-json\/wp\/v2\/tags?post=43081"}],"curies":[{"name":"wp","href":"https:\/\/api.w.org\/{rel}","templated":true}]}}