{"id":43092,"date":"2026-04-03T07:54:12","date_gmt":"2026-04-03T05:54:12","guid":{"rendered":"https:\/\/www.lintelligentdabidjan.info\/news\/?p=43092"},"modified":"2026-04-03T07:55:00","modified_gmt":"2026-04-03T05:55:00","slug":"securite-routiere-paquinou-sans-vitesse-pour-une-fete-sans-tristesse-lance","status":"publish","type":"post","link":"https:\/\/www.lintelligentdabidjan.info\/news\/securite-routiere-paquinou-sans-vitesse-pour-une-fete-sans-tristesse-lance\/","title":{"rendered":"S\u00e9curit\u00e9 routi\u00e8re: Paquinou sans vitesse, pour une f\u00eate sans tristesse lanc\u00e9"},"content":{"rendered":"<p><strong>\u00c0 l\u2019approche des festivit\u00e9s de P\u00e2ques, Saint-Clair Allah, dit G\u00e9n\u00e9ral Mak\u00e9l\u00e9l\u00e9, ancien secr\u00e9taire g\u00e9n\u00e9ral de la F\u00e9d\u00e9ration estudiantine et scolaire de C\u00f4te d\u2019Ivoire (FESCI) et pr\u00e9sident-fondateur du Forum pour la Promotion du Civisme et de la Citoyennet\u00e9 (FPCC), a proc\u00e9d\u00e9 au lancement de la campagne de sensibilisation \u00ab Paquinou sans vitesse, pour une f\u00eate sans tristesse\u00bb.<\/strong><\/p>\n<p>La c\u00e9r\u00e9monie s\u2019est tenue le mercredi 1er avril 2026 au Centre de recherche des actions pour la paix (CERAP), \u00e0 Abidjan-Cocody. Cette initiative vise \u00e0 sensibiliser les usagers de la route et les acteurs du transport aux risques li\u00e9s \u00e0 l\u2019exc\u00e8s de vitesse et \u00e0 l\u2019incivisme routier pendant la p\u00e9riode de f\u00eates.<\/p>\n<p>\u00ab Nous sommes dans la p\u00e9riode de P\u00e2ques. Les ann\u00e9es pr\u00e9c\u00e9dentes, on a enregistr\u00e9 un taux \u00e9lev\u00e9 d\u2019accidents durant ces p\u00e9riodes. Il est important de sensibiliser les usagers de la route, les responsables des gares et les chauffeurs afin qu\u2019ils prennent conscience qu\u2019ils tiennent la vie de plusieurs citoyens entre leurs mains \u00bb, a d\u00e9clar\u00e9 Saint-Clair Allah.<\/p>\n<p>Selon lui, les conducteurs doivent \u00eatre conscients de leur responsabilit\u00e9, qui consiste \u00e0 transporter les passagers de leur point de d\u00e9part jusqu\u2019\u00e0 leur destination en toute s\u00e9curit\u00e9. Il a \u00e9galement exprim\u00e9 la volont\u00e9 de voir diminuer les accidents souvent enregistr\u00e9s pendant les f\u00eates.<\/p>\n<p><strong>Sensibilisation dans les gares routi\u00e8res<\/strong><\/p>\n<p>Dans le cadre de cette campagne, des \u00e9quipes de volontaires seront d\u00e9ploy\u00e9es dans plusieurs gares routi\u00e8res afin de sensibiliser les transporteurs, les syndicats du secteur, les conducteurs et les passagers.<\/p>\n<p>\u00ab D\u00e8s demain, nous allons investir les gares routi\u00e8res avec nos volontaires pour \u00e9changer avec les usagers et les acteurs du transport. La lutte contre l\u2019incivisme routier est l\u2019affaire de tous, surtout en p\u00e9riode de f\u00eate \u00bb, a-t-il indiqu\u00e9.<\/p>\n<p>Le Forum pour la Promotion du Civisme et de la Citoyennet\u00e9 (FPCC), initiateur de cette campagne, a \u00e9t\u00e9 lanc\u00e9 le 15 septembre 2025 \u00e0 l\u2019occasion de la premi\u00e8re \u00e9dition de la Journ\u00e9e mondiale de la citoyennet\u00e9\u00a0 organis\u00e9e en C\u00f4te d\u2019Ivoire.<\/p>\n<p><strong>Appel \u00e0 la responsabilit\u00e9 collective<\/strong><\/p>\n<p>Poursuivant son intervention, Saint-Clair Allah a appel\u00e9 \u00e0 une plus grande implication des institutions charg\u00e9es de la r\u00e9gulation et de la s\u00e9curit\u00e9 routi\u00e8re. Il a notamment indiqu\u00e9 que 33 % des accidents de la route sont caus\u00e9s par des motocyclistes, soulignant la n\u00e9cessit\u00e9 de renforcer les actions de pr\u00e9vention.<\/p>\n<p>Il a \u00e9galement invit\u00e9 les populations \u00e0 adopter une attitude de tol\u00e9rance z\u00e9ro face aux comportements dangereux sur la route, particuli\u00e8rement durant les festivit\u00e9s.<\/p>\n<p>Pr\u00e9sent \u00e0 la c\u00e9r\u00e9monie,\u00a0 le Dr Tanoh, repr\u00e9sentant la Direction des transports terrestres\u00a0 du minist\u00e8re des Transports et des Affaires maritimes, a salu\u00e9 l\u2019initiative.<\/p>\n<p>\u00ab Nous remercions le pr\u00e9sident du FPCC d\u2019avoir associ\u00e9 la Direction des transports terrestres \u00e0 cette campagne de sensibilisation. Cette p\u00e9riode de P\u00e2ques est une occasion de rappeler l\u2019importance de la s\u00e9curit\u00e9 routi\u00e8re et d\u2019interpeller les usagers sur leurs responsabilit\u00e9s \u00bb, a-t-il d\u00e9clar\u00e9.<\/p>\n<p>Il a r\u00e9affirm\u00e9 l\u2019engagement de son institution \u00e0 accompagner les initiatives visant \u00e0 promouvoir le civisme sur les routes et \u00e0 pr\u00e9server des vies humaines.<\/p>\n<p><strong>Une campagne sur plusieurs jours<\/strong><\/p>\n<p>La campagne\u00a0 \u00ab Paquinou sans vitesse, pour une f\u00eate sans tristesse \u00bb se d\u00e9roulera du 2 au 4 avril 2026. Elle comprendra des activit\u00e9s de sensibilisation dans plusieurs\u00a0 gares routi\u00e8res du pays, afin de toucher un large public et contribuer \u00e0 la pr\u00e9vention des accidents pendant les c\u00e9l\u00e9brations de P\u00e2ques.<\/p>\n<p>&nbsp;<\/p>\n<p><strong>Mamadou Ouattara<\/strong><\/p>\n<p>&nbsp;<\/p>\n<p>&nbsp;<\/p>\n<p>&nbsp;<\/p>\n<p>&nbsp;<\/p>\n<p>&nbsp;<\/p>\n<p>&nbsp;<\/p>\n<p>&nbsp;<\/p>\n","protected":false},"excerpt":{"rendered":"<p>\u00c0 l\u2019approche des festivit\u00e9s de P\u00e2ques, Saint-Clair Allah, dit G\u00e9n\u00e9ral Mak\u00e9l\u00e9l\u00e9, ancien secr\u00e9taire g\u00e9n\u00e9ral de la F\u00e9d\u00e9ration estudiantine et scolaire de C\u00f4te d\u2019Ivoire (FESCI) et pr\u00e9sident-fondateur du Forum pour la Promotion du Civisme et de la Citoyennet\u00e9 (FPCC), a proc\u00e9d\u00e9 au lancement de la campagne de sensibilisation \u00ab Paquinou sans vitesse, pour une f\u00eate sans [&hellip;]<\/p>\n","protected":false},"author":4,"featured_media":43093,"comment_status":"closed","ping_status":"closed","sticky":false,"template":"","format":"standard","meta":{"footnotes":""},"categories":[2,3],"tags":[3714,7607,1974],"class_list":["post-43092","post","type-post","status-publish","format-standard","has-post-thumbnail","hentry","category-featured","category-societe","tag-fete","tag-paquinou-sans-vitesse","tag-securite-routiere"],"_links":{"self":[{"href":"https:\/\/www.lintelligentdabidjan.info\/news\/wp-json\/wp\/v2\/posts\/43092","targetHints":{"allow":["GET"]}}],"collection":[{"href":"https:\/\/www.lintelligentdabidjan.info\/news\/wp-json\/wp\/v2\/posts"}],"about":[{"href":"https:\/\/www.lintelligentdabidjan.info\/news\/wp-json\/wp\/v2\/types\/post"}],"author":[{"embeddable":true,"href":"https:\/\/www.lintelligentdabidjan.info\/news\/wp-json\/wp\/v2\/users\/4"}],"replies":[{"embeddable":true,"href":"https:\/\/www.lintelligentdabidjan.info\/news\/wp-json\/wp\/v2\/comments?post=43092"}],"version-history":[{"count":1,"href":"https:\/\/www.lintelligentdabidjan.info\/news\/wp-json\/wp\/v2\/posts\/43092\/revisions"}],"predecessor-version":[{"id":43094,"href":"https:\/\/www.lintelligentdabidjan.info\/news\/wp-json\/wp\/v2\/posts\/43092\/revisions\/43094"}],"wp:featuredmedia":[{"embeddable":true,"href":"https:\/\/www.lintelligentdabidjan.info\/news\/wp-json\/wp\/v2\/media\/43093"}],"wp:attachment":[{"href":"https:\/\/www.lintelligentdabidjan.info\/news\/wp-json\/wp\/v2\/media?parent=43092"}],"wp:term":[{"taxonomy":"category","embeddable":true,"href":"https:\/\/www.lintelligentdabidjan.info\/news\/wp-json\/wp\/v2\/categories?post=43092"},{"taxonomy":"post_tag","embeddable":true,"href":"https:\/\/www.lintelligentdabidjan.info\/news\/wp-json\/wp\/v2\/tags?post=43092"}],"curies":[{"name":"wp","href":"https:\/\/api.w.org\/{rel}","templated":true}]}}