{"id":43129,"date":"2026-04-05T19:27:42","date_gmt":"2026-04-05T17:27:42","guid":{"rendered":"https:\/\/www.lintelligentdabidjan.info\/news\/?p=43129"},"modified":"2026-04-05T19:27:42","modified_gmt":"2026-04-05T17:27:42","slug":"paques-2026-en-cote-divoire-le-cheikhoul-aima-ousmane-diakite-appelle-au-renforcement-du-dialogue-interreligieux","status":"publish","type":"post","link":"https:\/\/www.lintelligentdabidjan.info\/news\/paques-2026-en-cote-divoire-le-cheikhoul-aima-ousmane-diakite-appelle-au-renforcement-du-dialogue-interreligieux\/","title":{"rendered":"P\u00e2ques 2026 en C\u00f4te d&#8217;Ivoire:  Le Cheikhoul A\u00efma Ousmane Diakit\u00e9 appelle au renforcement du dialogue interreligieux"},"content":{"rendered":"<p><strong>\u00c0 l\u2019occasion de la Semaine sainte et de la c\u00e9l\u00e9bration de P\u00e2ques, le Cheikhoul A\u00efma Ousmane Diakit\u00e9, pr\u00e9sident du Conseil sup\u00e9rieur des imams, des mosqu\u00e9es et des affaires islamiques (COSIM), a adress\u00e9 le jeudi 2 avril 2026 un message de fraternit\u00e9 et de paix \u00e0 la communaut\u00e9 chr\u00e9tienne de C\u00f4te d\u2019Ivoire, saluant une convergence spirituelle exceptionnelle entre Car\u00eame et Ramadan cette ann\u00e9e.<\/strong><\/p>\n<p>Dans son message, le guide de la communaut\u00e9 musulmane ivoirienne souligne le caract\u00e8re \u00ab hautement symbolique \u00bb de la co\u00efncidence, depuis le 18 f\u00e9vrier 2026, du Car\u00eame chr\u00e9tien et du mois de Ramadan. Une simultan\u00e9it\u00e9 qu\u2019il interpr\u00e8te comme \u00ab une invite \u00e0 la m\u00e9ditation commune, au rapprochement des c\u0153urs et \u00e0 la consolidation de la fraternit\u00e9 interconfessionnelle \u00bb.<\/p>\n<p><strong>Une convergence spirituelle porteuse de sens<\/strong><\/p>\n<p>Cheikh Ousmane Diakit\u00e9 met en parall\u00e8le les valeurs fondamentales du Car\u00eame et du Ramadan, deux p\u00e9riodes consacr\u00e9es \u00e0 la purification spirituelle, \u00e0 l\u2019introspection et au retour \u00e0 Dieu. Il salue \u00e9galement le th\u00e8me du Car\u00eame 2026, \u00ab \u00c9couter et je\u00fbner \u00bb, qu\u2019il juge en parfaite r\u00e9sonance avec la tradition islamique.<\/p>\n<p>\u00ab \u00c9couter, c\u2019est reconna\u00eetre la dignit\u00e9 de l\u2019autre, c&#8217;est b\u00e2tir des ponts l\u00e0 o\u00f9 certains \u00e9rigent des murs \u00bb, a-t-il affirm\u00e9, appelant \u00e0 promouvoir l\u2019\u00e9coute mutuelle dans un contexte mondial marqu\u00e9 par les incompr\u00e9hensions et les divisions.<\/p>\n<p><strong>Le je\u00fbne, \u00e9cole de ma\u00eetrise et de solidarit\u00e9<\/strong><\/p>\n<p>Le pr\u00e9sident du COSIM rappelle que le je\u00fbne constitue une pratique commune aux deux religions, au-del\u00e0 de l\u2019abstinence alimentaire. Il le d\u00e9crit comme \u00ab une \u00e9cole de ma\u00eetrise de soi, de purification de l\u2019\u00e2me et de solidarit\u00e9 \u00bb, insistant sur sa dimension spirituelle et sociale.<\/p>\n<p>Il met en avant les moments de rupture du je\u00fbne partag\u00e9s entre musulmans et chr\u00e9tiens en C\u00f4te d\u2019Ivoire, qualifi\u00e9s \u00ab d\u2019instants de gr\u00e2ce \u00bb illustrant la vitalit\u00e9 du vivre-ensemble.<\/p>\n<p><strong>Hommage \u00e0 la solidarit\u00e9 chr\u00e9tienne<\/strong><\/p>\n<p>Le guide religieux a \u00e9galement exprim\u00e9 sa gratitude envers la communaut\u00e9 chr\u00e9tienne pour les actes de solidarit\u00e9 manifest\u00e9s durant le Ramadan.<\/p>\n<p>\u00ab Par vos gestes de solidarit\u00e9, votre pr\u00e9sence fraternelle et votre soutien \u00e0 vos s\u0153urs et fr\u00e8res musulmans, vous avez incarn\u00e9 des valeurs universelles qui rapprochent nos traditions et honorent notre humanit\u00e9 commune\u00bb, a-t-il salu\u00e9.<\/p>\n<p>Dans le m\u00eame \u00e9lan, il appelle \u00e0 un \u00ab je\u00fbne des mots \u00bb, invitant les croyants \u00e0 renoncer aux discours de haine au profit de paroles de paix, notamment dans les familles, les espaces publics et sur les r\u00e9seaux sociaux.<\/p>\n<p><strong>Appel \u00e0 consolider le dialogue interreligieux<\/strong><\/p>\n<p>Cheikh Ousmane Diakit\u00e9 a salu\u00e9 la cr\u00e9ation de l\u2019Alliance des religions pour la paix en C\u00f4te d\u2019Ivoire (ARPCI), qu\u2019il consid\u00e8re comme un levier essentiel de coh\u00e9sion nationale.<\/p>\n<p>Il exhorte les acteurs religieux \u00e0 acc\u00e9l\u00e9rer la formalisation de ce cadre de concertation, estimant qu\u2019il contribuera \u00e0 renforcer la confiance, pr\u00e9venir les tensions et promouvoir durablement les valeurs de tol\u00e9rance et d\u2019unit\u00e9.<\/p>\n<p>\u00ab Nos traditions religieuses, loin d&#8217;\u00eatre des facteurs de division, doivent \u00eatre des sources d&#8217;inspiration pour b\u00e2tir des soci\u00e9t\u00e9s fond\u00e9es sur le respect mutuel, le dialogue sinc\u00e8re et la solidarit\u00e9. En unissant nos voix et en mutualisant nos efforts, nous, guides religieux pourrions jouer un r\u00f4le d\u00e9terminant dans la construction d&#8217;une C\u00f4te d&#8217;Ivoire plus juste, plus stable et r\u00e9solument tourn\u00e9e vers l&#8217;avenir\u00bb, a-t-il insist\u00e9. Avant de souhaiter aux chr\u00e9tiens \u00ab une bonne Semaine sainte et de joyeuses c\u00e9l\u00e9brations de P\u00e2ques \u00bb.<\/p>\n<p><strong>Tour\u00e9 Abdoulaye<\/strong><\/p>\n","protected":false},"excerpt":{"rendered":"<p>\u00c0 l\u2019occasion de la Semaine sainte et de la c\u00e9l\u00e9bration de P\u00e2ques, le Cheikhoul A\u00efma Ousmane Diakit\u00e9, pr\u00e9sident du Conseil sup\u00e9rieur des imams, des mosqu\u00e9es et des affaires islamiques (COSIM), a adress\u00e9 le jeudi 2 avril 2026 un message de fraternit\u00e9 et de paix \u00e0 la communaut\u00e9 chr\u00e9tienne de C\u00f4te d\u2019Ivoire, saluant une convergence spirituelle [&hellip;]<\/p>\n","protected":false},"author":4,"featured_media":43130,"comment_status":"closed","ping_status":"closed","sticky":false,"template":"","format":"standard","meta":{"footnotes":""},"categories":[2,3],"tags":[77,7629,7628,7611,1642],"class_list":["post-43129","post","type-post","status-publish","format-standard","has-post-thumbnail","hentry","category-featured","category-societe","tag-cote-divoire","tag-dialogue-interreligieux","tag-le-cheikhoul-aima-ousmane-diakite","tag-paques-2026","tag-renforcement"],"_links":{"self":[{"href":"https:\/\/www.lintelligentdabidjan.info\/news\/wp-json\/wp\/v2\/posts\/43129","targetHints":{"allow":["GET"]}}],"collection":[{"href":"https:\/\/www.lintelligentdabidjan.info\/news\/wp-json\/wp\/v2\/posts"}],"about":[{"href":"https:\/\/www.lintelligentdabidjan.info\/news\/wp-json\/wp\/v2\/types\/post"}],"author":[{"embeddable":true,"href":"https:\/\/www.lintelligentdabidjan.info\/news\/wp-json\/wp\/v2\/users\/4"}],"replies":[{"embeddable":true,"href":"https:\/\/www.lintelligentdabidjan.info\/news\/wp-json\/wp\/v2\/comments?post=43129"}],"version-history":[{"count":1,"href":"https:\/\/www.lintelligentdabidjan.info\/news\/wp-json\/wp\/v2\/posts\/43129\/revisions"}],"predecessor-version":[{"id":43131,"href":"https:\/\/www.lintelligentdabidjan.info\/news\/wp-json\/wp\/v2\/posts\/43129\/revisions\/43131"}],"wp:featuredmedia":[{"embeddable":true,"href":"https:\/\/www.lintelligentdabidjan.info\/news\/wp-json\/wp\/v2\/media\/43130"}],"wp:attachment":[{"href":"https:\/\/www.lintelligentdabidjan.info\/news\/wp-json\/wp\/v2\/media?parent=43129"}],"wp:term":[{"taxonomy":"category","embeddable":true,"href":"https:\/\/www.lintelligentdabidjan.info\/news\/wp-json\/wp\/v2\/categories?post=43129"},{"taxonomy":"post_tag","embeddable":true,"href":"https:\/\/www.lintelligentdabidjan.info\/news\/wp-json\/wp\/v2\/tags?post=43129"}],"curies":[{"name":"wp","href":"https:\/\/api.w.org\/{rel}","templated":true}]}}