{"id":43155,"date":"2026-04-08T07:46:39","date_gmt":"2026-04-08T05:46:39","guid":{"rendered":"https:\/\/www.lintelligentdabidjan.info\/news\/?p=43155"},"modified":"2026-04-08T07:46:50","modified_gmt":"2026-04-08T05:46:50","slug":"sommet-des-filles-adolescentes-2026un-plan-daction-pour-accelerer-la-justice-et-les-droits-de-genre-2026-2028-adopte","status":"publish","type":"post","link":"https:\/\/www.lintelligentdabidjan.info\/news\/sommet-des-filles-adolescentes-2026un-plan-daction-pour-accelerer-la-justice-et-les-droits-de-genre-2026-2028-adopte\/","title":{"rendered":"Sommet des Filles Adolescentes 2026:Un plan d\u2019action pour acc\u00e9l\u00e9rer la justice et les droits de genre (2026\u20112028) adopt\u00e9"},"content":{"rendered":"<p><strong>La troisi\u00e8me \u00e9dition du Sommet des Filles Adolescentes (SFA) s\u2019est achev\u00e9e le vendredi 3 avril 2026 \u00e0 l\u2019h\u00f4tel Les Palaces de Yamoussoukro, avec l\u2019adoption d\u2019un plan d\u2019action visant \u00e0 acc\u00e9l\u00e9rer la justice et la promotion des droits de genre pour la p\u00e9riode 2026\u20112028.<\/strong><\/p>\n<p>Durant quatre jours, les adolescent(e) s et jeunes venus de divers horizons ont particip\u00e9 \u00e0 des discussions dirig\u00e9es par les jeunes, \u00e0 des dialogues interg\u00e9n\u00e9rationnels et \u00e0 des sessions de r\u00e9flexion collective. Ces \u00e9changes ont permis d\u2019\u00e9valuer les progr\u00e8s r\u00e9alis\u00e9s, d\u2019identifier les d\u00e9fis persistants et de formuler des actions concr\u00e8tes pour am\u00e9liorer les conditions de vie des jeunes filles. Pr\u00e9sidant la c\u00e9r\u00e9monie de cl\u00f4ture, le ministre d\u00e9l\u00e9gu\u00e9 charg\u00e9 de l\u2019Enseignement technique, Jean\u2011Louis Moulot, a r\u00e9affirm\u00e9 l\u2019engagement du gouvernement ivoirien, sous l\u2019impulsion du pr\u00e9sident Alassane Ouattara, \u00e0 placer la jeunesse au c\u0153ur de la transformation nationale. Il a notamment soulign\u00e9 le r\u00f4le strat\u00e9gique de l\u2019enseignement technique comme levier d\u2019insertion professionnelle, avec pour ambition d\u2019augmenter significativement la part des apprenants orient\u00e9s vers ces fili\u00e8res d\u2019ici \u00e0 2030. \u00ab Mon d\u00e9partement minist\u00e9riel pr\u00e9voit plusieurs actions, notamment une discrimination positive en faveur des jeunes filles dans l\u2019attribution des bourses de l\u2019enseignement technique, un renforcement des partenariats avec les ONG qui promeuvent les filles dans les fili\u00e8res STEM, ainsi que la cr\u00e9ation d\u2019un environnement scolaire plus s\u00fbr gr\u00e2ce \u00e0 des politiques de lutte contre les discriminations et les violences bas\u00e9es sur le genre \u00bb, a-t-il d\u00e9clar\u00e9. Par ailleurs, il a exhort\u00e9 les adolescentes \u00e0 croire en leur potentiel et \u00e0 s&#8217;imposer comme des actrices majeures du changement. Au terme des travaux, les participants ont adopt\u00e9 un plan d\u2019action articul\u00e9 autour de plusieurs priorit\u00e9s. Il s&#8217;agit de l\u2019acc\u00e8s \u00e9quitable \u00e0 l\u2019\u00e9ducation et aux opportunit\u00e9s \u00e9conomiques, la lutte contre les violences et les discriminations, la participation accrue des jeunes aux prises de d\u00e9cision, ainsi que la promotion d\u2019espaces s\u00fbrs r\u00e9pondant aux besoins des adolescentes. Les jeunes participants ont pris l\u2019engagement de poursuivre les actions de sensibilisation dans leurs communaut\u00e9s, de promouvoir des normes sociales positives et de renforcer leur leadership.<\/p>\n<p>Plac\u00e9e sous le th\u00e8me \u00ab Nos voix comptent : les adolescentes africaines co\u2011cr\u00e9ent des solutions pour faire progresser l\u2019\u00e9galit\u00e9, l\u2019\u00e9quit\u00e9 entre les sexes et les droits humains \u00bb, l\u2019\u00e9dition 2026 a r\u00e9uni plus de 200 adolescentes et jeunes, venus partager leurs exp\u00e9riences et proposer des solutions concr\u00e8tes pour un avenir plus inclusif.\u00a0 Cette c\u00e9r\u00e9monie s&#8217;est d\u00e9roul\u00e9e en pr\u00e9sence du repr\u00e9sentant r\u00e9sident de l&#8217;Unicef en C\u00f4te d&#8217;Ivoire, Jean-Fran\u00e7ois Basse.<\/p>\n<p><strong>Mamadou Ouattara avec A. Traor\u00e9<\/strong><\/p>\n<p>&nbsp;<\/p>\n<p>&nbsp;<\/p>\n<p>&nbsp;<\/p>\n","protected":false},"excerpt":{"rendered":"<p>La troisi\u00e8me \u00e9dition du Sommet des Filles Adolescentes (SFA) s\u2019est achev\u00e9e le vendredi 3 avril 2026 \u00e0 l\u2019h\u00f4tel Les Palaces de Yamoussoukro, avec l\u2019adoption d\u2019un plan d\u2019action visant \u00e0 acc\u00e9l\u00e9rer la justice et la promotion des droits de genre pour la p\u00e9riode 2026\u20112028. Durant quatre jours, les adolescent(e) s et jeunes venus de divers horizons [&hellip;]<\/p>\n","protected":false},"author":4,"featured_media":43156,"comment_status":"closed","ping_status":"closed","sticky":false,"template":"","format":"standard","meta":{"footnotes":""},"categories":[2,19,17,3],"tags":[7646,7647,7644,7645],"class_list":["post-43155","post","type-post","status-publish","format-standard","has-post-thumbnail","hentry","category-featured","category-libres-opinions","category-politique","category-societe","tag-la-justice","tag-les-droits-de-genre-2026-2028-adopte","tag-sommet-des-filles-adolescentes-2026","tag-un-plan-daction"],"_links":{"self":[{"href":"https:\/\/www.lintelligentdabidjan.info\/news\/wp-json\/wp\/v2\/posts\/43155","targetHints":{"allow":["GET"]}}],"collection":[{"href":"https:\/\/www.lintelligentdabidjan.info\/news\/wp-json\/wp\/v2\/posts"}],"about":[{"href":"https:\/\/www.lintelligentdabidjan.info\/news\/wp-json\/wp\/v2\/types\/post"}],"author":[{"embeddable":true,"href":"https:\/\/www.lintelligentdabidjan.info\/news\/wp-json\/wp\/v2\/users\/4"}],"replies":[{"embeddable":true,"href":"https:\/\/www.lintelligentdabidjan.info\/news\/wp-json\/wp\/v2\/comments?post=43155"}],"version-history":[{"count":1,"href":"https:\/\/www.lintelligentdabidjan.info\/news\/wp-json\/wp\/v2\/posts\/43155\/revisions"}],"predecessor-version":[{"id":43157,"href":"https:\/\/www.lintelligentdabidjan.info\/news\/wp-json\/wp\/v2\/posts\/43155\/revisions\/43157"}],"wp:featuredmedia":[{"embeddable":true,"href":"https:\/\/www.lintelligentdabidjan.info\/news\/wp-json\/wp\/v2\/media\/43156"}],"wp:attachment":[{"href":"https:\/\/www.lintelligentdabidjan.info\/news\/wp-json\/wp\/v2\/media?parent=43155"}],"wp:term":[{"taxonomy":"category","embeddable":true,"href":"https:\/\/www.lintelligentdabidjan.info\/news\/wp-json\/wp\/v2\/categories?post=43155"},{"taxonomy":"post_tag","embeddable":true,"href":"https:\/\/www.lintelligentdabidjan.info\/news\/wp-json\/wp\/v2\/tags?post=43155"}],"curies":[{"name":"wp","href":"https:\/\/api.w.org\/{rel}","templated":true}]}}