{"id":4320,"date":"2017-05-24T18:54:15","date_gmt":"2017-05-24T16:54:15","guid":{"rendered":"http:\/\/www.lintelligentdabidjan.info\/news\/?p=4320"},"modified":"2017-05-24T18:54:15","modified_gmt":"2017-05-24T16:54:15","slug":"joel-nguessan-desavoue-errone-de-dire-que-le-1er-cercle-du-president-ouattara-lui-dit-des-contre-verites","status":"publish","type":"post","link":"https:\/\/www.lintelligentdabidjan.info\/news\/joel-nguessan-desavoue-errone-de-dire-que-le-1er-cercle-du-president-ouattara-lui-dit-des-contre-verites\/","title":{"rendered":"Jo\u00ebl N\u2019Guessan d\u00e9savou\u00e9 : erron\u00e9 de dire que le 1er cercle du Pr\u00e9sident Ouattara lui dit des contre-v\u00e9rit\u00e9s"},"content":{"rendered":"<p>Dans une d\u00e9claration diffus\u00e9e le mardi 23 mai, le porte-parole du Rdr avait estim\u00e9 que le Pr\u00e9sident de la R\u00e9publique n\u2019avait pas la bonne information en ce qui concerne les personnes qui poss\u00e8dent des armes.<br \/>\n<!--more--><\/p>\n<p>Interrog\u00e9 sur la question \u00e0 l&#8217;issue du Conseil des ministres du 24 mai 2017, Bruno Kon\u00e9 porte-parole du gouvernement a dit : \u00ab Vous avez \u00e9voqu\u00e9 les propos du porte-parole du Rdr. Je n\u2019ai pas lu ce \u00e0 quoi vous faites allusion, donc il m\u2019est difficile de vous r\u00e9pondre avec pr\u00e9cision. Mais ce que je peux dire, parce que depuis quelques ann\u00e9es, je c\u00f4toie cette personnalit\u00e9 , est que comme dans beaucoup de pays, le Pr\u00e9sident de la R\u00e9publique de C\u00f4te d\u2019Ivoire est probablement la personne la plus renseign\u00e9e. Il est parfaitement bien inform\u00e9 sur tout ce qui se passe. Je lis effectivement beaucoup de choses qui sont compl\u00e8tement fausses. Quand on pense qu\u2019il n\u2019est pas bien renseign\u00e9, que son premier cercle lui dit des contre-v\u00e9rit\u00e9s, ce sont des informations totalement erron\u00e9es. Je pense que ces personnes qui disent cela ne connaissent pas le mode de fonctionnement du pr\u00e9sident Alassane Ouattara. Il est parfaitement inform\u00e9. Il lit ses mails, il \u00e9coute la radio, il va dans la population, il rencontre beaucoup de monde avec qui, il discute sans protocole, sans tabou. C\u2019est pure fable de penser qu\u2019il n\u2019est pas inform\u00e9 \u00bb.<\/p>\n<p>Selon nos informations, au cours d&#8217;une r\u00e9cente r\u00e9union du Secr\u00e9tariat g\u00e9n\u00e9ral du Rdr , il avait \u00e9t\u00e9 demand\u00e9 a Jo\u00ebl N&#8217;guessan de ne plus prendre la parole, sans validation de ses propos par le SG int\u00e9rimaire, Amadou Soumahoro. Avant cette r\u00e9union, celui-ci l&#8217;avait d\u00e9savou\u00e9 en indiquant \u00e0 un confr\u00e8re que les propos faisant etat d&#8217;un dysfonctionnement des services de renseignement, n&#8217;engageaient que l&#8217;auteur et non le Rdr. Ce qui toutefois n&#8217;a pas emp\u00each\u00e9 le concern\u00e9 d&#8217;en remettre une couche au sujet d&#8217;un entourage de laudateurs qui ne dit pas la v\u00e9rit\u00e9, \u00e0 Alassane Ouattara.<\/p>\n<p><em>Abdoulaye Tour\u00e9<\/em><\/p>\n<p>NB : le titre est de la r\u00e9daction<\/p>\n","protected":false},"excerpt":{"rendered":"<p>Dans une d\u00e9claration diffus\u00e9e le mardi 23 mai, le porte-parole du Rdr avait estim\u00e9 que le Pr\u00e9sident de la R\u00e9publique n\u2019avait pas la bonne information en ce qui concerne les personnes qui poss\u00e8dent des armes.<\/p>\n","protected":false},"author":2,"featured_media":4321,"comment_status":"closed","ping_status":"closed","sticky":false,"template":"","format":"standard","meta":{"_monsterinsights_skip_tracking":false,"_monsterinsights_sitenote_active":false,"_monsterinsights_sitenote_note":"","_monsterinsights_sitenote_category":0,"footnotes":""},"categories":[2,17],"tags":[39,71,73,42,72],"class_list":["post-4320","post","type-post","status-publish","format-standard","has-post-thumbnail","hentry","category-featured","category-politique","tag-alassane-ouattara","tag-amadou-soumahoro","tag-bruno-kone","tag-joel-nguessan","tag-rdr"],"_links":{"self":[{"href":"https:\/\/www.lintelligentdabidjan.info\/news\/wp-json\/wp\/v2\/posts\/4320","targetHints":{"allow":["GET"]}}],"collection":[{"href":"https:\/\/www.lintelligentdabidjan.info\/news\/wp-json\/wp\/v2\/posts"}],"about":[{"href":"https:\/\/www.lintelligentdabidjan.info\/news\/wp-json\/wp\/v2\/types\/post"}],"author":[{"embeddable":true,"href":"https:\/\/www.lintelligentdabidjan.info\/news\/wp-json\/wp\/v2\/users\/2"}],"replies":[{"embeddable":true,"href":"https:\/\/www.lintelligentdabidjan.info\/news\/wp-json\/wp\/v2\/comments?post=4320"}],"version-history":[{"count":1,"href":"https:\/\/www.lintelligentdabidjan.info\/news\/wp-json\/wp\/v2\/posts\/4320\/revisions"}],"predecessor-version":[{"id":4322,"href":"https:\/\/www.lintelligentdabidjan.info\/news\/wp-json\/wp\/v2\/posts\/4320\/revisions\/4322"}],"wp:featuredmedia":[{"embeddable":true,"href":"https:\/\/www.lintelligentdabidjan.info\/news\/wp-json\/wp\/v2\/media\/4321"}],"wp:attachment":[{"href":"https:\/\/www.lintelligentdabidjan.info\/news\/wp-json\/wp\/v2\/media?parent=4320"}],"wp:term":[{"taxonomy":"category","embeddable":true,"href":"https:\/\/www.lintelligentdabidjan.info\/news\/wp-json\/wp\/v2\/categories?post=4320"},{"taxonomy":"post_tag","embeddable":true,"href":"https:\/\/www.lintelligentdabidjan.info\/news\/wp-json\/wp\/v2\/tags?post=4320"}],"curies":[{"name":"wp","href":"https:\/\/api.w.org\/{rel}","templated":true}]}}