{"id":43215,"date":"2026-04-09T07:46:34","date_gmt":"2026-04-09T05:46:34","guid":{"rendered":"https:\/\/www.lintelligentdabidjan.info\/news\/?p=43215"},"modified":"2026-04-09T07:46:50","modified_gmt":"2026-04-09T05:46:50","slug":"convoques-pour-leur-participation-a-la-presidentielle-2025-ce-que-ahoua-don-mello-et-ses-proches-ont-dit-au-conseil-de-discipline-du-ppa-ci-hier","status":"publish","type":"post","link":"https:\/\/www.lintelligentdabidjan.info\/news\/convoques-pour-leur-participation-a-la-presidentielle-2025-ce-que-ahoua-don-mello-et-ses-proches-ont-dit-au-conseil-de-discipline-du-ppa-ci-hier\/","title":{"rendered":"Convoqu\u00e9s pour leur participation \u00e0 la pr\u00e9sidentielle 2025 :Ce que Ahoua Don Mello et ses proches ont dit au Conseil de discipline du PPA-CI hier"},"content":{"rendered":"<p><strong>Ahoua Don Mello, candidat malheureux \u00e0 l\u2019\u00e9lection pr\u00e9sidentielle du 25 octobre 2025, et quatorze militants du Parti des peuples africains &#8211; C\u00f4te d&#8217;Ivoire ( PPA-CI) qui l\u2019avaient accompagn\u00e9 dans sa campagne, ont \u00e9t\u00e9 convoqu\u00e9s et entendus le mercredi 8 avril 2026 par le Conseil de discipline du PPA-CI.<\/strong><\/p>\n<p>Cette audition fait suite \u00e0 une plainte de S\u00e9bastien Dano Dj\u00e9dj\u00e9, pr\u00e9sident ex\u00e9cutif du PPA-CI, qui a demand\u00e9 qu\u2019ils soient entendus sur leur participation au scrutin, alors que le parti avait d\u00e9sign\u00e9 Laurent Gbagbo comme seul et unique candidat.<\/p>\n<p>Dans un communiqu\u00e9 publi\u00e9, sign\u00e9 par le groupe de convoqu\u00e9s et dont nous avons re\u00e7u copie, ils ont rapport\u00e9 les \u00e9changes.<\/p>\n<p>Selon le communiqu\u00e9, Ahoua Don Mello et ses proches sont accus\u00e9s d\u2019avoir d\u00e9sob\u00e9i aux r\u00e9solutions de deux instances : le Comit\u00e9 Central du 9 mars 2024 et la Convention du 10 mai 2024.<\/p>\n<p>Devant le Conseil de discipline, Ahoua Don Mello et ses proches, interrog\u00e9s s\u00e9par\u00e9ment, ont indiqu\u00e9 que la d\u00e9cision de participer \u00e0 l\u2019\u00e9lection pr\u00e9sidentielle de 2025 avait \u00e9t\u00e9 prise \u00ab en toute responsabilit\u00e9 et sans regret \u00bb. Cette position, prise apr\u00e8s le rejet de la candidature du &#8220;camarade Laurent Gbagbo&#8221; pour absence sur la liste \u00e9lectorale d\u00e9finitive, visait \u00e0 \u00ab pr\u00e9server la pr\u00e9sence du PPA-CI dans le jeu politique, \u00e0 \u00e9viter une marginalisation et \u00e0 pr\u00e9venir des cons\u00e9quences humaines dramatiques \u00bb<\/p>\n<p>Le communiqu\u00e9 indique \u00e9galement que les proches d\u2019Ahoua Don Mello ont fait remarquer qu\u2019aucune orientation officielle n\u2019ayant \u00e9t\u00e9 donn\u00e9e ni au constat de l\u2019absence du pr\u00e9sident Laurent Gbagbo sur la liste \u00e9lectorale d\u00e9finitive, ni apr\u00e8s l\u2019invalidation de sa candidature, leur choix de soutenir une candidature alternative au sein du parti, comme celle d\u2019Ahoua Don Mello, s\u2019inscrit dans une d\u00e9marche responsable, logique et politiquement coh\u00e9rente.<\/p>\n<p>Ils ont estim\u00e9 que, dans ces conditions, il ne peut leur \u00eatre reproch\u00e9 d\u2019avoir combl\u00e9 un vide strat\u00e9gique cr\u00e9\u00e9 par l\u2019inaction des instances dirigeantes du parti.<\/p>\n<p>Ils ont rappel\u00e9 que le risque d\u2019exclusion de la candidature de Laurent Gbagbo \u00e9tait perceptible d\u00e8s la publication de la liste \u00e9lectorale provisoire. \u00c0 cette p\u00e9riode, ils avaient invit\u00e9 la direction du parti \u00e0 ouvrir le d\u00e9bat sur la conduite \u00e0 tenir. Une requ\u00eate qui \u00e9tait rest\u00e9e sans suite.<\/p>\n<p>Ils ont aussi relev\u00e9 qu\u2019ils n\u2019ont \u00ab en aucun cas, de par leur posture de participer \u00e0 l\u2019\u00e9lection pr\u00e9sidentielle de 2025, l\u00e9gitim\u00e9 le quatri\u00e8me mandat de Monsieur Alassane Ouattara \u00bb. Car si le dossier de candidature du pr\u00e9sident Laurent Gbagbo avait \u00e9t\u00e9 valid\u00e9, le PPA-CI aurait concouru contre Alassane Ouattara, avec le m\u00eame d\u00e9coupage \u00e9lectoral et la m\u00eame Commission \u00e9lectorale ind\u00e9pendante (CEI), sans que cela ne s\u2019apparente \u00e0 une l\u00e9gitimation de ce mandat d\u2019Alassane Ouattara.<\/p>\n<p>\u00c0 la fin des auditions, un m\u00e9mo a \u00e9t\u00e9 transmis au Conseil de discipline. Ce m\u00e9mo retrace toutes les observations d\u00e9taill\u00e9es sur les r\u00e9solutions du Comit\u00e9 Central du 9 mars 2024 et de la Convention du 10 mai 2024, fait savoir le communiqu\u00e9.<\/p>\n<p><strong>Jean-Hubert Koffo<\/strong><\/p>\n<p>&nbsp;<\/p>\n<p>&nbsp;<\/p>\n<p>&nbsp;<\/p>\n","protected":false},"excerpt":{"rendered":"<p>Ahoua Don Mello, candidat malheureux \u00e0 l\u2019\u00e9lection pr\u00e9sidentielle du 25 octobre 2025, et quatorze militants du Parti des peuples africains &#8211; C\u00f4te d&#8217;Ivoire ( PPA-CI) qui l\u2019avaient accompagn\u00e9 dans sa campagne, ont \u00e9t\u00e9 convoqu\u00e9s et entendus le mercredi 8 avril 2026 par le Conseil de discipline du PPA-CI. Cette audition fait suite \u00e0 une plainte [&hellip;]<\/p>\n","protected":false},"author":4,"featured_media":43216,"comment_status":"closed","ping_status":"closed","sticky":false,"template":"","format":"standard","meta":{"footnotes":""},"categories":[2,17],"tags":[5876,7658,4846,4667,1393,1621,7657],"class_list":["post-43215","post","type-post","status-publish","format-standard","has-post-thumbnail","hentry","category-featured","category-politique","tag-ahoua-don-mello","tag-conseil-de-discipline","tag-convoques","tag-participation","tag-ppa-ci","tag-presidentielle-2025","tag-proches"],"_links":{"self":[{"href":"https:\/\/www.lintelligentdabidjan.info\/news\/wp-json\/wp\/v2\/posts\/43215","targetHints":{"allow":["GET"]}}],"collection":[{"href":"https:\/\/www.lintelligentdabidjan.info\/news\/wp-json\/wp\/v2\/posts"}],"about":[{"href":"https:\/\/www.lintelligentdabidjan.info\/news\/wp-json\/wp\/v2\/types\/post"}],"author":[{"embeddable":true,"href":"https:\/\/www.lintelligentdabidjan.info\/news\/wp-json\/wp\/v2\/users\/4"}],"replies":[{"embeddable":true,"href":"https:\/\/www.lintelligentdabidjan.info\/news\/wp-json\/wp\/v2\/comments?post=43215"}],"version-history":[{"count":1,"href":"https:\/\/www.lintelligentdabidjan.info\/news\/wp-json\/wp\/v2\/posts\/43215\/revisions"}],"predecessor-version":[{"id":43217,"href":"https:\/\/www.lintelligentdabidjan.info\/news\/wp-json\/wp\/v2\/posts\/43215\/revisions\/43217"}],"wp:featuredmedia":[{"embeddable":true,"href":"https:\/\/www.lintelligentdabidjan.info\/news\/wp-json\/wp\/v2\/media\/43216"}],"wp:attachment":[{"href":"https:\/\/www.lintelligentdabidjan.info\/news\/wp-json\/wp\/v2\/media?parent=43215"}],"wp:term":[{"taxonomy":"category","embeddable":true,"href":"https:\/\/www.lintelligentdabidjan.info\/news\/wp-json\/wp\/v2\/categories?post=43215"},{"taxonomy":"post_tag","embeddable":true,"href":"https:\/\/www.lintelligentdabidjan.info\/news\/wp-json\/wp\/v2\/tags?post=43215"}],"curies":[{"name":"wp","href":"https:\/\/api.w.org\/{rel}","templated":true}]}}