{"id":43223,"date":"2026-04-09T08:00:09","date_gmt":"2026-04-09T06:00:09","guid":{"rendered":"https:\/\/www.lintelligentdabidjan.info\/news\/?p=43223"},"modified":"2026-04-09T08:02:34","modified_gmt":"2026-04-09T06:02:34","slug":"tengrelale-village-de-dougba-inaugure-son-centre-de-sante","status":"publish","type":"post","link":"https:\/\/www.lintelligentdabidjan.info\/news\/tengrelale-village-de-dougba-inaugure-son-centre-de-sante\/","title":{"rendered":"Tengrela:Le village de Dougba inaugure son centre de sant\u00e9"},"content":{"rendered":"<p><strong>Le village de Dougba, situ\u00e9 dans le d\u00e9partement de Tengr\u00e9la, a inaugur\u00e9, le samedi 4 avril 2026, son nouveau dispensaire, une infrastructure sanitaire r\u00e9alis\u00e9e par le Conseil r\u00e9gional de la Bagou\u00e9 , selon une note re\u00e7ue .<\/strong><\/p>\n<p>Bruno Nabagn\u00e9 Kon\u00e9, ministre de l\u2019Agriculture , du D\u00e9veloppement rural et des productions vivri\u00e8res par ailleurs, pr\u00e9sident du Conseil r\u00e9gional de la Bagou\u00e9 et parrain de la c\u00e9r\u00e9monie, repr\u00e9sent\u00e9 pour l\u2019occasion par Kon\u00e9 Dofer\u00e9, directeur de cabinet au Conseil r\u00e9gional , a exhort\u00e9 les populations \u00e0 veiller \u00e0 la pr\u00e9servation de l\u2019infrastructure. Il a \u00e9galement proc\u00e9d\u00e9, au nom de son mandant, \u00e0 un don d\u2019un montant de 1 520 000 francs CFA en soutien au village.<\/p>\n<p>Prenant la parole \u00e0 son tour, l\u2019honorable Souma\u00efla Diarrassouba, \u00e9galement membre de la mutuelle de Dougba, a traduit la profonde gratitude des populations au pr\u00e9sident du Conseil r\u00e9gional pour cette r\u00e9alisation. Il a soulign\u00e9 que cette infrastructure sanitaire vient rapprocher un service public essentiel des populations rurales, contribuant ainsi \u00e0 l\u2019am\u00e9lioration de leurs conditions de vie.<\/p>\n<p>Dans un \u00e9lan de solidarit\u00e9, le d\u00e9put\u00e9-maire a \u00e9galement apport\u00e9 un appui financier de deux cent mille (200 000) francs CFA \u00e0 la mutuelle de Dougba, r\u00e9affirmant son engagement en faveur du d\u00e9veloppement local.<\/p>\n<p>Les populations de Dougba, \u00e0 leur tour, ont exprim\u00e9 leur satisfaction face \u00e0 la r\u00e9alisation de ce centre de sant\u00e9 de proximit\u00e9, appel\u00e9 \u00e0 am\u00e9liorer significativement l\u2019acc\u00e8s aux soins dans la localit\u00e9 et les villages environnants.<\/p>\n<p>Profitant de cette tribune, le pr\u00e9sident de la Mutuelle de d\u00e9veloppement de Dougba, Sangar\u00e9 B\u00eah, a formul\u00e9 plusieurs dol\u00e9ances, notamment l\u2019acquisition d\u2019une ambulance m\u00e9dicalis\u00e9e, la r\u00e9alisation d\u2019une cl\u00f4ture pour le dispensaire et la construction d\u2019un coll\u00e8ge de proximit\u00e9.<\/p>\n<p>La c\u00e9r\u00e9monie, marqu\u00e9e par des prestations culturelles riches et vari\u00e9es, a mis en lumi\u00e8re le dynamisme et la diversit\u00e9 culturelle de Dougba, renfor\u00e7ant ainsi le caract\u00e8re festif et symbolique de cet \u00e9v\u00e9nement majeur pour la localit\u00e9.<\/p>\n<p><strong>Olivier Dion avec G\u00e9rard Batoua\u00a0\u00a0<\/strong><\/p>\n<p>&nbsp;<\/p>\n<p>&nbsp;<\/p>\n","protected":false},"excerpt":{"rendered":"<p>Le village de Dougba, situ\u00e9 dans le d\u00e9partement de Tengr\u00e9la, a inaugur\u00e9, le samedi 4 avril 2026, son nouveau dispensaire, une infrastructure sanitaire r\u00e9alis\u00e9e par le Conseil r\u00e9gional de la Bagou\u00e9 , selon une note re\u00e7ue . Bruno Nabagn\u00e9 Kon\u00e9, ministre de l\u2019Agriculture , du D\u00e9veloppement rural et des productions vivri\u00e8res par ailleurs, pr\u00e9sident du [&hellip;]<\/p>\n","protected":false},"author":4,"featured_media":43224,"comment_status":"closed","ping_status":"closed","sticky":false,"template":"","format":"standard","meta":{"footnotes":""},"categories":[2,3],"tags":[2187,2337,7662,2416],"class_list":["post-43223","post","type-post","status-publish","format-standard","has-post-thumbnail","hentry","category-featured","category-societe","tag-centre-de-sante","tag-inaugure","tag-le-village-de-dougba","tag-tengrela"],"_links":{"self":[{"href":"https:\/\/www.lintelligentdabidjan.info\/news\/wp-json\/wp\/v2\/posts\/43223","targetHints":{"allow":["GET"]}}],"collection":[{"href":"https:\/\/www.lintelligentdabidjan.info\/news\/wp-json\/wp\/v2\/posts"}],"about":[{"href":"https:\/\/www.lintelligentdabidjan.info\/news\/wp-json\/wp\/v2\/types\/post"}],"author":[{"embeddable":true,"href":"https:\/\/www.lintelligentdabidjan.info\/news\/wp-json\/wp\/v2\/users\/4"}],"replies":[{"embeddable":true,"href":"https:\/\/www.lintelligentdabidjan.info\/news\/wp-json\/wp\/v2\/comments?post=43223"}],"version-history":[{"count":1,"href":"https:\/\/www.lintelligentdabidjan.info\/news\/wp-json\/wp\/v2\/posts\/43223\/revisions"}],"predecessor-version":[{"id":43225,"href":"https:\/\/www.lintelligentdabidjan.info\/news\/wp-json\/wp\/v2\/posts\/43223\/revisions\/43225"}],"wp:featuredmedia":[{"embeddable":true,"href":"https:\/\/www.lintelligentdabidjan.info\/news\/wp-json\/wp\/v2\/media\/43224"}],"wp:attachment":[{"href":"https:\/\/www.lintelligentdabidjan.info\/news\/wp-json\/wp\/v2\/media?parent=43223"}],"wp:term":[{"taxonomy":"category","embeddable":true,"href":"https:\/\/www.lintelligentdabidjan.info\/news\/wp-json\/wp\/v2\/categories?post=43223"},{"taxonomy":"post_tag","embeddable":true,"href":"https:\/\/www.lintelligentdabidjan.info\/news\/wp-json\/wp\/v2\/tags?post=43223"}],"curies":[{"name":"wp","href":"https:\/\/api.w.org\/{rel}","templated":true}]}}