{"id":43243,"date":"2026-04-10T07:44:27","date_gmt":"2026-04-10T05:44:27","guid":{"rendered":"https:\/\/www.lintelligentdabidjan.info\/news\/?p=43243"},"modified":"2026-04-10T07:44:33","modified_gmt":"2026-04-10T05:44:33","slug":"assemblee-nationale-33-deputes-autorisent-louverture-du-ciel-ivoirien","status":"publish","type":"post","link":"https:\/\/www.lintelligentdabidjan.info\/news\/assemblee-nationale-33-deputes-autorisent-louverture-du-ciel-ivoirien\/","title":{"rendered":"Assembl\u00e9e nationale: 33 d\u00e9put\u00e9s autorisent l&#8217;ouverture du ciel ivoirien"},"content":{"rendered":"<p><strong>Trente-trois d\u00e9put\u00e9s sur les 42 membres de la Commission des relations ext\u00e9rieures (CRE) de l\u2019Assembl\u00e9e nationale ont adopt\u00e9 \u00e0 l\u2019unanimit\u00e9, le 9 avril 2026, trois projets de loi autorisant la ratification d\u2019accords de services a\u00e9riens. Les textes ont \u00e9t\u00e9 pr\u00e9sent\u00e9s par Nial\u00e9 Kaba, ministre d\u2019\u00c9tat, ministre des Affaires \u00e9trang\u00e8res et de la Coop\u00e9ration.<\/strong><\/p>\n<p>Ces accords lient la C\u00f4te d\u2019Ivoire \u00e0 la R\u00e9publique f\u00e9d\u00e9rative du Br\u00e9sil (accord sign\u00e9 en 2017 \u00e0 Abidjan), \u00e0 la R\u00e9publique d\u2019Angola (2025 \u00e0 Luanda) et au Sultanat d\u2019Oman (2025 \u00e0 Montr\u00e9al).<\/p>\n<p>Dans son expos\u00e9, la ministre d&#8217;\u00c9tat Nial\u00e9 Kaba a rappel\u00e9 que \u00ab la Convention relative \u00e0 l\u2019aviation civile internationale encourage les \u00c9tats \u00e0 conclure des accords pour d\u00e9velopper le transport a\u00e9rien, dans le respect des principes de lib\u00e9ralisation, de s\u00e9curit\u00e9 et de s\u00fbret\u00e9 \u00bb. Elle a pr\u00e9cis\u00e9 que ces textes visent \u00e0 \u00ab renforcer le cadre juridique de la coop\u00e9ration a\u00e9ronautique \u00bb, tout en n\u00e9cessitant l\u2019autorisation du Parlement en raison de leurs implications fiscales et douani\u00e8res.<\/p>\n<p>Les d\u00e9put\u00e9s des groupes parlementaires RHDP, PDCI-RDA, Solidarit\u00e9 et Agir ont soutenu ces projets, soulignant leur importance strat\u00e9gique. Selon Nial\u00e9 Kaba, \u00ab l\u2019autorisation de ratification permettra \u00e0 la C\u00f4te d\u2019Ivoire d\u2019\u00e9largir ses dessertes, d\u2019am\u00e9liorer la connectivit\u00e9 et de faciliter l\u2019acc\u00e8s au fret \u00e0 des co\u00fbts plus comp\u00e9titifs \u00bb.<\/p>\n<p>Elle a ajout\u00e9 que les autorit\u00e9s ivoiriennes ambitionnent de renforcer le positionnement de l\u2019a\u00e9roport international A\u00e9roport F\u00e9lix Houphou\u00ebt-Boigny d\u2019Abidjan comme hub sous-r\u00e9gional.<\/p>\n<p><strong>Des retomb\u00e9es \u00e9conomiques et strat\u00e9giques<\/strong><\/p>\n<p>Nial\u00e9 Kaba a mis en avant des impacts \u00e9conomiques directs : dynamisation des \u00e9changes commerciaux, d\u00e9veloppement du tourisme et am\u00e9lioration de la mobilit\u00e9 des investisseurs. \u00ab L\u2019intensification de la concurrence devrait aussi contribuer \u00e0 une baisse des prix sur certaines destinations \u00bb, a-t-elle indiqu\u00e9.<\/p>\n<p>Elle a \u00e9galement soulign\u00e9 les effets attendus sur l\u2019emploi, avec des opportunit\u00e9s dans le transport a\u00e9rien et les activit\u00e9s connexes.<\/p>\n<p>Enfin, au-del\u00e0 des enjeux \u00e9conomiques, ces accords s\u2019inscrivent dans une logique de partenariats cibl\u00e9s visant \u00e0 renforcer la coop\u00e9ration internationale de la C\u00f4te d\u2019Ivoire.<\/p>\n<p>&nbsp;<\/p>\n<p><strong>Olivier Dion<\/strong><\/p>\n<p>&nbsp;<\/p>\n<p>&nbsp;<\/p>\n<p>&nbsp;<\/p>\n<p>&nbsp;<\/p>\n","protected":false},"excerpt":{"rendered":"<p>Trente-trois d\u00e9put\u00e9s sur les 42 membres de la Commission des relations ext\u00e9rieures (CRE) de l\u2019Assembl\u00e9e nationale ont adopt\u00e9 \u00e0 l\u2019unanimit\u00e9, le 9 avril 2026, trois projets de loi autorisant la ratification d\u2019accords de services a\u00e9riens. Les textes ont \u00e9t\u00e9 pr\u00e9sent\u00e9s par Nial\u00e9 Kaba, ministre d\u2019\u00c9tat, ministre des Affaires \u00e9trang\u00e8res et de la Coop\u00e9ration. Ces accords [&hellip;]<\/p>\n","protected":false},"author":4,"featured_media":43244,"comment_status":"closed","ping_status":"closed","sticky":false,"template":"","format":"standard","meta":{"_monsterinsights_skip_tracking":false,"_monsterinsights_sitenote_active":false,"_monsterinsights_sitenote_note":"","_monsterinsights_sitenote_category":0,"footnotes":""},"categories":[2,17],"tags":[76,7671,3144,7670],"class_list":["post-43243","post","type-post","status-publish","format-standard","has-post-thumbnail","hentry","category-featured","category-politique","tag-assemblee-nationale","tag-ciel-ivoirien","tag-deputes","tag-louverture"],"_links":{"self":[{"href":"https:\/\/www.lintelligentdabidjan.info\/news\/wp-json\/wp\/v2\/posts\/43243","targetHints":{"allow":["GET"]}}],"collection":[{"href":"https:\/\/www.lintelligentdabidjan.info\/news\/wp-json\/wp\/v2\/posts"}],"about":[{"href":"https:\/\/www.lintelligentdabidjan.info\/news\/wp-json\/wp\/v2\/types\/post"}],"author":[{"embeddable":true,"href":"https:\/\/www.lintelligentdabidjan.info\/news\/wp-json\/wp\/v2\/users\/4"}],"replies":[{"embeddable":true,"href":"https:\/\/www.lintelligentdabidjan.info\/news\/wp-json\/wp\/v2\/comments?post=43243"}],"version-history":[{"count":1,"href":"https:\/\/www.lintelligentdabidjan.info\/news\/wp-json\/wp\/v2\/posts\/43243\/revisions"}],"predecessor-version":[{"id":43245,"href":"https:\/\/www.lintelligentdabidjan.info\/news\/wp-json\/wp\/v2\/posts\/43243\/revisions\/43245"}],"wp:featuredmedia":[{"embeddable":true,"href":"https:\/\/www.lintelligentdabidjan.info\/news\/wp-json\/wp\/v2\/media\/43244"}],"wp:attachment":[{"href":"https:\/\/www.lintelligentdabidjan.info\/news\/wp-json\/wp\/v2\/media?parent=43243"}],"wp:term":[{"taxonomy":"category","embeddable":true,"href":"https:\/\/www.lintelligentdabidjan.info\/news\/wp-json\/wp\/v2\/categories?post=43243"},{"taxonomy":"post_tag","embeddable":true,"href":"https:\/\/www.lintelligentdabidjan.info\/news\/wp-json\/wp\/v2\/tags?post=43243"}],"curies":[{"name":"wp","href":"https:\/\/api.w.org\/{rel}","templated":true}]}}