{"id":43246,"date":"2026-04-10T07:47:45","date_gmt":"2026-04-10T05:47:45","guid":{"rendered":"https:\/\/www.lintelligentdabidjan.info\/news\/?p=43246"},"modified":"2026-04-10T07:47:51","modified_gmt":"2026-04-10T05:47:51","slug":"80-ans-du-pdci-rdavoici-pourquoi-le-ppa-ci-etait-absent","status":"publish","type":"post","link":"https:\/\/www.lintelligentdabidjan.info\/news\/80-ans-du-pdci-rdavoici-pourquoi-le-ppa-ci-etait-absent\/","title":{"rendered":"80 ans du PDCI-RDA:Voici pourquoi le PPA-CI\u00a0 \u00e9tait absent"},"content":{"rendered":"<p><strong>Le PPA-CI \u00e9tait absent de la c\u00e9r\u00e9monie d\u2019ouverture des c\u00e9l\u00e9brations du 80e anniversaire du PDCI-RDA, le jeudi 9 avril 2026, au si\u00e8ge du parti \u00e0 Cocody. L\u2019absence du parti de l\u2019ex-Pr\u00e9sident Laurent Gbagbo, pourtant alli\u00e9 du PDCI-RDA dans le cadre du Front commun contre la tenue de la pr\u00e9sidentielle d\u2019octobre 2025, n\u2019a \u00e9chapp\u00e9 \u00e0 personne.<\/strong><\/p>\n<p><strong>Joint, le PPA-CI a indiqu\u00e9 n\u2019avoir pas re\u00e7u de carte d\u2019invitation.<\/strong><\/p>\n<p>\u00ab Effectivement, nous n\u2019y \u00e9tions pas. Personnellement, quand j\u2019ai approch\u00e9 Monsieur S\u00e9bastien Dano Dj\u00e9dj\u00e9 (le pr\u00e9sident ex\u00e9cutif du PPA-CI, NDLR) pour comprendre, il m\u2019a dit qu\u2019il n\u2019avait pas re\u00e7u d\u2019invitation. Il y a une dame du PDCI qui avait appel\u00e9 pour confirmer la pr\u00e9sence de la d\u00e9l\u00e9gation. Monsieur Dano Dj\u00e9dj\u00e9 lui a dit que la d\u00e9l\u00e9gation \u00e9tait pr\u00eate \u00e0 y aller, mais qu\u2019elle attendait encore l\u2019invitation. La dame a marqu\u00e9 son \u00e9tonnement. Elle a demand\u00e9 \u00e0 v\u00e9rifier et \u00e0 leur revenir. Jusqu\u2019\u00e0 ce matin (le jeudi 9 avril 2026, NDLR), la d\u00e9l\u00e9gation n\u2019avait rien re\u00e7u. Je pense que c\u2019est juste un probl\u00e8me de coordination \u00bb, a r\u00e9pondu Ousmane Sy Savan\u00e9, responsable de la communication du PPA-CI.<\/p>\n<p>Il a toutefois assur\u00e9 que le parti reste dispos\u00e9 \u00e0 participer aux autres activit\u00e9s du PDCI-RDA, dans le cadre des c\u00e9l\u00e9brations de son 80e anniversaire d\u2019existence.<\/p>\n<p><strong>J-H-K<\/strong><\/p>\n","protected":false},"excerpt":{"rendered":"<p>Le PPA-CI \u00e9tait absent de la c\u00e9r\u00e9monie d\u2019ouverture des c\u00e9l\u00e9brations du 80e anniversaire du PDCI-RDA, le jeudi 9 avril 2026, au si\u00e8ge du parti \u00e0 Cocody. L\u2019absence du parti de l\u2019ex-Pr\u00e9sident Laurent Gbagbo, pourtant alli\u00e9 du PDCI-RDA dans le cadre du Front commun contre la tenue de la pr\u00e9sidentielle d\u2019octobre 2025, n\u2019a \u00e9chapp\u00e9 \u00e0 personne. [&hellip;]<\/p>\n","protected":false},"author":4,"featured_media":43247,"comment_status":"closed","ping_status":"closed","sticky":false,"template":"","format":"standard","meta":{"_monsterinsights_skip_tracking":false,"_monsterinsights_sitenote_active":false,"_monsterinsights_sitenote_note":"","_monsterinsights_sitenote_category":0,"footnotes":""},"categories":[2,17],"tags":[7672,1393],"class_list":["post-43246","post","type-post","status-publish","format-standard","has-post-thumbnail","hentry","category-featured","category-politique","tag-80-ans-du-pdci-rda","tag-ppa-ci"],"_links":{"self":[{"href":"https:\/\/www.lintelligentdabidjan.info\/news\/wp-json\/wp\/v2\/posts\/43246","targetHints":{"allow":["GET"]}}],"collection":[{"href":"https:\/\/www.lintelligentdabidjan.info\/news\/wp-json\/wp\/v2\/posts"}],"about":[{"href":"https:\/\/www.lintelligentdabidjan.info\/news\/wp-json\/wp\/v2\/types\/post"}],"author":[{"embeddable":true,"href":"https:\/\/www.lintelligentdabidjan.info\/news\/wp-json\/wp\/v2\/users\/4"}],"replies":[{"embeddable":true,"href":"https:\/\/www.lintelligentdabidjan.info\/news\/wp-json\/wp\/v2\/comments?post=43246"}],"version-history":[{"count":1,"href":"https:\/\/www.lintelligentdabidjan.info\/news\/wp-json\/wp\/v2\/posts\/43246\/revisions"}],"predecessor-version":[{"id":43248,"href":"https:\/\/www.lintelligentdabidjan.info\/news\/wp-json\/wp\/v2\/posts\/43246\/revisions\/43248"}],"wp:featuredmedia":[{"embeddable":true,"href":"https:\/\/www.lintelligentdabidjan.info\/news\/wp-json\/wp\/v2\/media\/43247"}],"wp:attachment":[{"href":"https:\/\/www.lintelligentdabidjan.info\/news\/wp-json\/wp\/v2\/media?parent=43246"}],"wp:term":[{"taxonomy":"category","embeddable":true,"href":"https:\/\/www.lintelligentdabidjan.info\/news\/wp-json\/wp\/v2\/categories?post=43246"},{"taxonomy":"post_tag","embeddable":true,"href":"https:\/\/www.lintelligentdabidjan.info\/news\/wp-json\/wp\/v2\/tags?post=43246"}],"curies":[{"name":"wp","href":"https:\/\/api.w.org\/{rel}","templated":true}]}}