{"id":43258,"date":"2026-04-10T23:07:25","date_gmt":"2026-04-10T21:07:25","guid":{"rendered":"https:\/\/www.lintelligentdabidjan.info\/news\/?p=43258"},"modified":"2026-04-10T23:07:25","modified_gmt":"2026-04-10T21:07:25","slug":"agboville-installation-de-lantenne-regionale-de-lagroforesterie-atsain-jean-jacques-salue-linitiative","status":"publish","type":"post","link":"https:\/\/www.lintelligentdabidjan.info\/news\/agboville-installation-de-lantenne-regionale-de-lagroforesterie-atsain-jean-jacques-salue-linitiative\/","title":{"rendered":"Agboville-Installation de l&#8217;antenne r\u00e9gionale de l&#8217;agroforesterie:   Atsain Jean Jacques\u00a0 salue l&#8217;initiative"},"content":{"rendered":"<div><strong>Face \u00e0 la d\u00e9forestation vertigineuse du couvert forestier ivoirien qui a connu une d\u00e9gradation rapide, les autorit\u00e9s ivoiriennes ont d\u00e9cid\u00e9 d&#8217;attaquer le mal par la racine par la cr\u00e9ation d&#8217;antennes r\u00e9gionales d&#8217;agroforesterie.<\/strong><\/div>\n<div>C&#8217;est le sens de l&#8217;atelier de lancement des activit\u00e9s de l&#8217;antenne r\u00e9gionale de l&#8217;agroforesterie qui s&#8217;est d\u00e9roul\u00e9 le mercredi 8 avril 2026 pr\u00e9sid\u00e9 par Atsain Jean Jacques, secr\u00e9taire g\u00e9n\u00e9ral 1 de la pr\u00e9fecture d&#8217;Agboville, repr\u00e9sentant le pr\u00e9fet de r\u00e9gion, pr\u00e9fet du d\u00e9partement d&#8217;Agboville. \u00ab Le couvert forestier qui \u00e9tait estim\u00e9 \u00e0 15 millions d&#8217;hectares conna\u00eet aujourd&#8217;hui une d\u00e9gradation \u00e0 pr\u00e8s de 90%. Par le pass\u00e9, nos autorit\u00e9s avaient initi\u00e9 le planting d&#8217;arbres (&#8230;) L&#8217;agroforesterie, c&#8217;est la coexistence entre les arbres et les plants. Revenir \u00e0 cet \u00e9tat de choses est \u00e0 saluer&#8230; C&#8217;est une bonne occasion. Je vous invite \u00e0 une participation active et responsable pour qu&#8217;au terme d&#8217;une ann\u00e9e d&#8217;exercice les r\u00e9sultats soient palpables. \u00bb, a dit l&#8217;autorit\u00e9 pr\u00e9fectorale en ouvrant ledit atelier.<\/div>\n<div><\/div>\n<div>D\u00e9pendant de l&#8217;Organe de coordination et de l&#8217;Assembl\u00e9e pl\u00e9ni\u00e8re, les deux organes de d\u00e9cisions, l&#8217;antenne r\u00e9gionale de l&#8217;agroforesterie, selon Gnamien Kablan Olivier, d\u00e9l\u00e9gu\u00e9 r\u00e9gional du Conseil caf\u00e9-cacao (CCC) de l&#8217;Agn\u00e9by, par ailleurs coordinateur r\u00e9gional de l&#8217;antenne r\u00e9gionale de l&#8217;agroforesterie, a pour mission de coordination et de planification, de collecte et de remont\u00e9e d&#8217;informations. Enfin, cette nouvelle structure a pour mission d&#8217;animation et de mobilisation des producteurs afin d&#8217;obtenir leur adh\u00e9sion audit projet. Toujours selon le premier responsable du CCC \u00e0 Agboville, en partenariat avec plusieurs minist\u00e8res, les collectivit\u00e9s territoriales, des instituts financiers, des Ong, des universit\u00e9s et\u00a0 \u00a0les producteurs, l&#8217;antenne r\u00e9gionale de l&#8217;agroforesterie poursuit des objectifs de coordination, de centralisation et suivi des activit\u00e9s ainsi que la facilitation du dialogue entre les acteurs. Quant \u00e0 Kouam\u00e9 Th\u00e9odore, repr\u00e9sentant du directeur r\u00e9gional de l&#8217;Agriculture, du d\u00e9veloppement rural et des\u00a0 productions vivri\u00e8res, il a, \u00e0 son tour, salu\u00e9 l&#8217;installation de cette structure qui, pour lui, est une aubaine pour que la C\u00f4te d&#8217;Ivoire recouvre une bonne partie de son couvert forestier perdue. \u00ab Il \u00e9tait temps que l&#8217;\u00c9tat prenne les taureaux par les cornes pour le couvert forestier perdu. La mise en place de cette plateforme est tr\u00e8s importante pour nous et pour l&#8217;\u00e9conomie de la C\u00f4te d&#8217;Ivoire. \u00bb, a conclu Kouam\u00e9 Th\u00e9odore repr\u00e9sentant du directeur r\u00e9gional de l&#8217;Agriculture. Notons que plusieurs d\u00e9l\u00e9gations sont venues d&#8217;Adzop\u00e9, Akoup\u00e9, Yakass\u00e9-Attobroy et d&#8217;Agboville.<\/div>\n<div><\/div>\n<div><strong>Ahou Moay\u00e9 \u00e0 Agboville<\/strong><\/div>\n<div><\/div>\n<div><\/div>\n<div><\/div>\n<div><\/div>\n","protected":false},"excerpt":{"rendered":"<p>Face \u00e0 la d\u00e9forestation vertigineuse du couvert forestier ivoirien qui a connu une d\u00e9gradation rapide, les autorit\u00e9s ivoiriennes ont d\u00e9cid\u00e9 d&#8217;attaquer le mal par la racine par la cr\u00e9ation d&#8217;antennes r\u00e9gionales d&#8217;agroforesterie. C&#8217;est le sens de l&#8217;atelier de lancement des activit\u00e9s de l&#8217;antenne r\u00e9gionale de l&#8217;agroforesterie qui s&#8217;est d\u00e9roul\u00e9 le mercredi 8 avril 2026 pr\u00e9sid\u00e9 [&hellip;]<\/p>\n","protected":false},"author":4,"featured_media":43259,"comment_status":"closed","ping_status":"closed","sticky":false,"template":"","format":"standard","meta":{"_monsterinsights_skip_tracking":false,"_monsterinsights_sitenote_active":false,"_monsterinsights_sitenote_note":"","_monsterinsights_sitenote_category":0,"footnotes":""},"categories":[2,18],"tags":[255,7680,7679,7681],"class_list":["post-43258","post","type-post","status-publish","format-standard","has-post-thumbnail","hentry","category-featured","category-economie","tag-agboville","tag-atsain-jean-jacques","tag-installation-de-lantenne-regionale-de-lagroforesterie","tag-linitiative"],"_links":{"self":[{"href":"https:\/\/www.lintelligentdabidjan.info\/news\/wp-json\/wp\/v2\/posts\/43258","targetHints":{"allow":["GET"]}}],"collection":[{"href":"https:\/\/www.lintelligentdabidjan.info\/news\/wp-json\/wp\/v2\/posts"}],"about":[{"href":"https:\/\/www.lintelligentdabidjan.info\/news\/wp-json\/wp\/v2\/types\/post"}],"author":[{"embeddable":true,"href":"https:\/\/www.lintelligentdabidjan.info\/news\/wp-json\/wp\/v2\/users\/4"}],"replies":[{"embeddable":true,"href":"https:\/\/www.lintelligentdabidjan.info\/news\/wp-json\/wp\/v2\/comments?post=43258"}],"version-history":[{"count":1,"href":"https:\/\/www.lintelligentdabidjan.info\/news\/wp-json\/wp\/v2\/posts\/43258\/revisions"}],"predecessor-version":[{"id":43260,"href":"https:\/\/www.lintelligentdabidjan.info\/news\/wp-json\/wp\/v2\/posts\/43258\/revisions\/43260"}],"wp:featuredmedia":[{"embeddable":true,"href":"https:\/\/www.lintelligentdabidjan.info\/news\/wp-json\/wp\/v2\/media\/43259"}],"wp:attachment":[{"href":"https:\/\/www.lintelligentdabidjan.info\/news\/wp-json\/wp\/v2\/media?parent=43258"}],"wp:term":[{"taxonomy":"category","embeddable":true,"href":"https:\/\/www.lintelligentdabidjan.info\/news\/wp-json\/wp\/v2\/categories?post=43258"},{"taxonomy":"post_tag","embeddable":true,"href":"https:\/\/www.lintelligentdabidjan.info\/news\/wp-json\/wp\/v2\/tags?post=43258"}],"curies":[{"name":"wp","href":"https:\/\/api.w.org\/{rel}","templated":true}]}}