{"id":43267,"date":"2026-04-10T23:18:27","date_gmt":"2026-04-10T21:18:27","guid":{"rendered":"https:\/\/www.lintelligentdabidjan.info\/news\/?p=43267"},"modified":"2026-04-10T23:18:27","modified_gmt":"2026-04-10T21:18:27","slug":"industrie-pres-de-900-000-emplois-et-48-des-emplois-modernes","status":"publish","type":"post","link":"https:\/\/www.lintelligentdabidjan.info\/news\/industrie-pres-de-900-000-emplois-et-48-des-emplois-modernes\/","title":{"rendered":"Industrie :Pr\u00e8s de 900 000 emplois et 48 % des emplois modernes\u00a0"},"content":{"rendered":"<div><strong>La filiale ivoirienne du groupe Nestl\u00e9 a lanc\u00e9, le 7 avril 2026 \u00e0 Abidjan, sa campagne institutionnelle \u00ab\u202fNestl\u00e9 For Good\u202f\u00bb, sous le slogan \u00ab\u202fVous comptez pour nous\u202f\u00bb. Cette initiative vise \u00e0 valoriser ses actions en faveur des communaut\u00e9s, de la jeunesse et de l\u2019environnement.<\/strong><\/div>\n<div><\/div>\n<div>Pr\u00e9sente en C\u00f4te d\u2019Ivoire depuis plus de 65 ans, l\u2019entreprise met en avant un impact notable, 70 \u00e9coles construites ou r\u00e9nov\u00e9es, plus de 30\u202f000 foyers accompagn\u00e9s dans les zones cacaoy\u00e8res et plus de 20\u202f000 jeunes form\u00e9s \u00e0 l\u2019employabilit\u00e9.<\/div>\n<div><\/div>\n<div>Repr\u00e9sentant le ministre du Commerce, Tra Bi Emmanuel a salu\u00e9 une initiative en coh\u00e9rence avec la vision du pr\u00e9sident Alassane Ouattara, qui fait de l\u2019industrie un moteur de croissance durable. Il a rappel\u00e9 que ce secteur repr\u00e9sente pr\u00e8s de 900\u202f000 emplois, soit 48\u202f% des emplois modernes, avec plus de 5\u202f920 milliards de FCFA d\u2019investissements agr\u00e9\u00e9s depuis 2012.<\/div>\n<div><\/div>\n<div>Le directeur g\u00e9n\u00e9ral de Nestl\u00e9 C\u00f4te d\u2019Ivoire, Mohamad Itani, a insist\u00e9 sur la notion de valeur partag\u00e9e. \u00ab Une entreprise ne peut prosp\u00e9rer durablement sans \u00e9voluer avec son environnement. Notre ambition est de cr\u00e9er de la valeur au b\u00e9n\u00e9fice des communaut\u00e9s avec lesquelles nous op\u00e9rons. \u00bb<\/div>\n<div><\/div>\n<div>La campagne met en lumi\u00e8re plusieurs actions concr\u00e8tes, alphab\u00e9tisation de plus de 2\u202f500 commer\u00e7antes (\u00ab\u202fmamies MAGGI\u202f\u00bb) en partenariat avec l\u2019UNESCO, installation de plus de 4\u202f000 panneaux solaires, programmes de reforestation et formation de milliers de jeunes, avec un taux d\u2019insertion sup\u00e9rieur \u00e0 80\u202f%.<\/div>\n<div><\/div>\n<div>\u00ab Nous ne cl\u00f4turons pas un chapitre, nous poursuivons un engagement dans la dur\u00e9e \u00bb, a indiqu\u00e9 Mohamad Itani.<\/div>\n<div><\/div>\n<div>Pour Eric Thiam-Sabates, pr\u00e9sident de l\u2019UGECI (\u00a0 Union des grandes entreprises industrielles de C\u00f4te d\u2019Ivoire), cette initiative illustre la mont\u00e9e en puissance de la responsabilit\u00e9 soci\u00e9tale des entreprises en C\u00f4te d\u2019Ivoire.<\/div>\n<div><\/div>\n<div><strong>Mamadou Ouattara avec Ly Abdul\u00a0<\/strong><\/div>\n<div><\/div>\n<div><\/div>\n<div><\/div>\n<div><\/div>\n<div><\/div>\n<div><\/div>\n<div><\/div>\n","protected":false},"excerpt":{"rendered":"<p>La filiale ivoirienne du groupe Nestl\u00e9 a lanc\u00e9, le 7 avril 2026 \u00e0 Abidjan, sa campagne institutionnelle \u00ab\u202fNestl\u00e9 For Good\u202f\u00bb, sous le slogan \u00ab\u202fVous comptez pour nous\u202f\u00bb. Cette initiative vise \u00e0 valoriser ses actions en faveur des communaut\u00e9s, de la jeunesse et de l\u2019environnement. Pr\u00e9sente en C\u00f4te d\u2019Ivoire depuis plus de 65 ans, l\u2019entreprise met [&hellip;]<\/p>\n","protected":false},"author":4,"featured_media":43268,"comment_status":"closed","ping_status":"closed","sticky":false,"template":"","format":"standard","meta":{"_monsterinsights_skip_tracking":false,"_monsterinsights_sitenote_active":false,"_monsterinsights_sitenote_note":"","_monsterinsights_sitenote_category":0,"footnotes":""},"categories":[2,18],"tags":[7686,1934],"class_list":["post-43267","post","type-post","status-publish","format-standard","has-post-thumbnail","hentry","category-featured","category-economie","tag-emplois-modernes","tag-industrie"],"_links":{"self":[{"href":"https:\/\/www.lintelligentdabidjan.info\/news\/wp-json\/wp\/v2\/posts\/43267","targetHints":{"allow":["GET"]}}],"collection":[{"href":"https:\/\/www.lintelligentdabidjan.info\/news\/wp-json\/wp\/v2\/posts"}],"about":[{"href":"https:\/\/www.lintelligentdabidjan.info\/news\/wp-json\/wp\/v2\/types\/post"}],"author":[{"embeddable":true,"href":"https:\/\/www.lintelligentdabidjan.info\/news\/wp-json\/wp\/v2\/users\/4"}],"replies":[{"embeddable":true,"href":"https:\/\/www.lintelligentdabidjan.info\/news\/wp-json\/wp\/v2\/comments?post=43267"}],"version-history":[{"count":1,"href":"https:\/\/www.lintelligentdabidjan.info\/news\/wp-json\/wp\/v2\/posts\/43267\/revisions"}],"predecessor-version":[{"id":43269,"href":"https:\/\/www.lintelligentdabidjan.info\/news\/wp-json\/wp\/v2\/posts\/43267\/revisions\/43269"}],"wp:featuredmedia":[{"embeddable":true,"href":"https:\/\/www.lintelligentdabidjan.info\/news\/wp-json\/wp\/v2\/media\/43268"}],"wp:attachment":[{"href":"https:\/\/www.lintelligentdabidjan.info\/news\/wp-json\/wp\/v2\/media?parent=43267"}],"wp:term":[{"taxonomy":"category","embeddable":true,"href":"https:\/\/www.lintelligentdabidjan.info\/news\/wp-json\/wp\/v2\/categories?post=43267"},{"taxonomy":"post_tag","embeddable":true,"href":"https:\/\/www.lintelligentdabidjan.info\/news\/wp-json\/wp\/v2\/tags?post=43267"}],"curies":[{"name":"wp","href":"https:\/\/api.w.org\/{rel}","templated":true}]}}