{"id":43270,"date":"2026-04-10T23:21:32","date_gmt":"2026-04-10T21:21:32","guid":{"rendered":"https:\/\/www.lintelligentdabidjan.info\/news\/?p=43270"},"modified":"2026-04-10T23:23:01","modified_gmt":"2026-04-10T21:23:01","slug":"unicef-cote-divoire-et-la-fondation-maarifune-alliance-strategique-au-service-de-la-jeunesse-ivoirienne","status":"publish","type":"post","link":"https:\/\/www.lintelligentdabidjan.info\/news\/unicef-cote-divoire-et-la-fondation-maarifune-alliance-strategique-au-service-de-la-jeunesse-ivoirienne\/","title":{"rendered":"Unicef C\u00f4te d&#8217;Ivoire et la Fondation Maarif:Une alliance strat\u00e9gique au service de la jeunesse ivoirienne"},"content":{"rendered":"<div><strong>Les repr\u00e9sentants de l&#8217;Unicef C\u00f4te d\u2019Ivoire et de la Fondation Maarif ont sign\u00e9 un protocole d\u2019entente le mardi 7 avril 2026 au si\u00e8ge de l\u2019Unicef \u00e0 Abidjan (Cocody-Riviera Golf).<\/strong><\/div>\n<div><\/div>\n<div>Cet accord marque le lancement d\u2019un partenariat strat\u00e9gique en faveur de la jeunesse de C\u00f4te d\u2019Ivoire. Ce protocole vise \u00e0 renforcer la coop\u00e9ration entre les deux institutions autour de plusieurs priorit\u00e9s, notamment la promotion de l\u2019\u00e9ducation de qualit\u00e9, la protection de l\u2019enfance et l\u2019autonomisation des jeunes. L\u2019accord met \u00e9galement l\u2019accent sur l\u2019encouragement des filles et des jeunes femmes \u00e0 s\u2019orienter vers les fili\u00e8res scientifiques et technologiques. Parmi les axes majeurs figure aussi le renforcement de la participation citoyenne des jeunes \u00e0 travers la plateforme U-Report, qui rassemble d\u00e9j\u00e0 plus de trois millions d\u2019utilisateurs dans le pays. L\u2019objectif est de faire des adolescents et des jeunes de v\u00e9ritables acteurs du changement. Le partenariat pr\u00e9voit \u00e9galement l\u2019organisation et l\u2019appui \u00e0 plusieurs initiatives \u00e9ducatives, dont la Journ\u00e9e de l\u2019enfant, la Journ\u00e9e des filles et la F\u00eate de la science. Des formations pratiques, des activit\u00e9s de r\u00e9seautage ainsi que des opportunit\u00e9s d\u2019insertion professionnelle seront propos\u00e9es, en particulier aux jeunes les plus vuln\u00e9rables. \u00ab\u202fCette signature marque une \u00e9tape importante, non seulement pour nos deux institutions, mais surtout pour les enfants et les jeunes de C\u00f4te d\u2019Ivoire, \u00e0 qui nous devons offrir les meilleures opportunit\u00e9s d\u2019apprentissage, d\u2019\u00e9panouissement et de participation citoyenne\u202f\u00bb, a d\u00e9clar\u00e9 Jean\u2011Fran\u00e7ois Basse, repr\u00e9sentant r\u00e9sident de l\u2019Unicef en C\u00f4te d\u2019Ivoire.<\/div>\n<div><\/div>\n<div>Le directeur pays de la Fondation Maarif, Co\u015fkun Yilmaz, a, pour sa part, salu\u00e9 le travail pr\u00e9paratoire ayant conduit \u00e0 cet accord. \u00ab\u202fNous avons travaill\u00e9 pr\u00e8s d\u2019un an sur ce protocole. L\u2019an dernier, nous avons organis\u00e9 en C\u00f4te d\u2019Ivoire l\u2019un des plus grands festivals de technologie en Afrique avec le soutien de l\u2019Unicef. Aujourd\u2019hui, nous franchissons une nouvelle \u00e9tape de cette collaboration\u202f\u00bb, a-t-il indiqu\u00e9.<\/div>\n<div><\/div>\n<div><strong>Olivier Dion avec A. Traor\u00e9<\/strong><\/div>\n<div><\/div>\n<div><\/div>\n<div><\/div>\n<div><\/div>\n<div><\/div>\n","protected":false},"excerpt":{"rendered":"<p>Les repr\u00e9sentants de l&#8217;Unicef C\u00f4te d\u2019Ivoire et de la Fondation Maarif ont sign\u00e9 un protocole d\u2019entente le mardi 7 avril 2026 au si\u00e8ge de l\u2019Unicef \u00e0 Abidjan (Cocody-Riviera Golf). Cet accord marque le lancement d\u2019un partenariat strat\u00e9gique en faveur de la jeunesse de C\u00f4te d\u2019Ivoire. Ce protocole vise \u00e0 renforcer la coop\u00e9ration entre les deux [&hellip;]<\/p>\n","protected":false},"author":4,"featured_media":43271,"comment_status":"closed","ping_status":"closed","sticky":false,"template":"","format":"standard","meta":{"_monsterinsights_skip_tracking":false,"_monsterinsights_sitenote_active":false,"_monsterinsights_sitenote_note":"","_monsterinsights_sitenote_category":0,"footnotes":""},"categories":[2,18],"tags":[7688,7690,2402,7689,7687],"class_list":["post-43270","post","type-post","status-publish","format-standard","has-post-thumbnail","hentry","category-featured","category-economie","tag-la-fondation-maarif","tag-la-jeunesse-ivoirienne","tag-service","tag-une-alliance-strategique","tag-unicef-cote-divoire"],"_links":{"self":[{"href":"https:\/\/www.lintelligentdabidjan.info\/news\/wp-json\/wp\/v2\/posts\/43270","targetHints":{"allow":["GET"]}}],"collection":[{"href":"https:\/\/www.lintelligentdabidjan.info\/news\/wp-json\/wp\/v2\/posts"}],"about":[{"href":"https:\/\/www.lintelligentdabidjan.info\/news\/wp-json\/wp\/v2\/types\/post"}],"author":[{"embeddable":true,"href":"https:\/\/www.lintelligentdabidjan.info\/news\/wp-json\/wp\/v2\/users\/4"}],"replies":[{"embeddable":true,"href":"https:\/\/www.lintelligentdabidjan.info\/news\/wp-json\/wp\/v2\/comments?post=43270"}],"version-history":[{"count":1,"href":"https:\/\/www.lintelligentdabidjan.info\/news\/wp-json\/wp\/v2\/posts\/43270\/revisions"}],"predecessor-version":[{"id":43272,"href":"https:\/\/www.lintelligentdabidjan.info\/news\/wp-json\/wp\/v2\/posts\/43270\/revisions\/43272"}],"wp:featuredmedia":[{"embeddable":true,"href":"https:\/\/www.lintelligentdabidjan.info\/news\/wp-json\/wp\/v2\/media\/43271"}],"wp:attachment":[{"href":"https:\/\/www.lintelligentdabidjan.info\/news\/wp-json\/wp\/v2\/media?parent=43270"}],"wp:term":[{"taxonomy":"category","embeddable":true,"href":"https:\/\/www.lintelligentdabidjan.info\/news\/wp-json\/wp\/v2\/categories?post=43270"},{"taxonomy":"post_tag","embeddable":true,"href":"https:\/\/www.lintelligentdabidjan.info\/news\/wp-json\/wp\/v2\/tags?post=43270"}],"curies":[{"name":"wp","href":"https:\/\/api.w.org\/{rel}","templated":true}]}}