{"id":43273,"date":"2026-04-10T23:25:38","date_gmt":"2026-04-10T21:25:38","guid":{"rendered":"https:\/\/www.lintelligentdabidjan.info\/news\/?p=43273"},"modified":"2026-04-10T23:25:50","modified_gmt":"2026-04-10T21:25:50","slug":"burkina-faso-quand-la-violence-contre-les-civils-devient-la-regle","status":"publish","type":"post","link":"https:\/\/www.lintelligentdabidjan.info\/news\/burkina-faso-quand-la-violence-contre-les-civils-devient-la-regle\/","title":{"rendered":"Burkina\u202fFaso\u202f: quand la violence contre les civils devient la r\u00e8gle"},"content":{"rendered":"<p><strong><span style=\"font-size: small;\"><i>Le conflit qui secoue le pays depuis plusieurs ann\u00e9es a vu les populations civiles passer du statut de victimes collat\u00e9rales \u00e0 celui de cibles privil\u00e9gi\u00e9es. Un rapport d\u00e9taill\u00e9 d\u2019Human\u202fRights\u202fWatch recense 57 incidents entre janvier\u202f2023 et ao\u00fbt\u202f2025, fais<\/i><i>ant au moins 1\u202f837 morts parmi les non\u2011combattants, tandis que deux millions de personnes ont \u00e9t\u00e9 d\u00e9plac\u00e9es. Les forces arm\u00e9es, leurs milices volontaires (VDP) et le groupe terroriste du JNIM s\u2019accusent mutuellement de crimes de guerre, et les t\u00e9mo<\/i><i>ignages de survivants montrent que chacun des acteurs est responsable<\/i><i>.<\/i><\/span><\/strong><\/p>\n<p><span style=\"font-size: small;\">Les exactions commises document\u00e9es r\u00e9v\u00e8lent une logique de r\u00e9pression qui ne fait aucune distinction entre combattants et civils. Le 25\u202ff\u00e9vrier\u202f2024, dans les localit\u00e9s de Nondin et Soro, l\u2019arm\u00e9e aurait ex\u00e9cut\u00e9 sommairement 223 personnes, dont 56 enfants, sous pr\u00e9texte de collaboration avec le JNIM. Aucune preuve de cette collaboration n\u2019a \u00e9t\u00e9 rapport\u00e9e. Quelques mois plus tard, le 24\u202fao\u00fbt\u202f2024, le JNIM aurait tu\u00e9 au moins 133 civils \u00e0 Barsalogho, en repr\u00e9sailles contre une communaut\u00e9 jug\u00e9e favorable aux VDP. L\u2019op\u00e9ration Tch\u00e9fari\u202f2, men\u00e9e en d\u00e9cembre\u202f2023, aurait vu des soldats et des VDP s\u2019en prendre \u00e0 seize villages sous domination du groupe islamiste, entra\u00eenant la mort de centaines de civils. De m\u00eame, les massacres\u00a0du nord de Djibo en d\u00e9cembre\u202f2023\u00a0et de Solenzo en mars\u202f2025 ont \u00e9t\u00e9\u00a0coordonn\u00e9s entre l\u2019arm\u00e9e r\u00e9guli\u00e8re, les bataillons d\u2019intervention rapide et les VDP, ce qui laisse \u00e0 penser \u00e0 une politique gouvernementale de r\u00e9pression violente.\u00a0Ces attaques ne sont pas isol\u00e9es. Le rapport souligne que les forces de l\u2019\u00c9tat ont int\u00e9gr\u00e9 la punition collective dans leurs op\u00e9rations anti\u2011insurrectionnelles, transformant les civils en \u00abr\u00e9servoirs potentiels d\u2019informations ou de soutien \u00e0 l\u2019ennemi\u00bb. Cette dynamique s\u2019accompagne d\u2019un ciblage ethnique sp\u00e9cifique des Peuls, deuxi\u00e8me groupe du pays, qui sont accus\u00e9s\u00a0collectivement de soutenir le JNIM. Des d\u00e9clarations du commandant Ibrahim\u202fTraor\u00e9 \u00e0 des chefs peuls en f\u00e9vrier\u202f2023, ainsi que des\u00a0propos de responsables de la garde pr\u00e9sidentielle appelant \u00e0 \u00e9liminer \u00abtous\u00bb les Peuls, sont le signe d\u2019une pers\u00e9cution ethnique, organis\u00e9e depuis les plus hautes sph\u00e8res de l\u2019\u00c9tat.<\/span><\/p>\n<p><strong><span style=\"font-size: small;\"><u>Une strat\u00e9gie de punition collective<\/u><\/span><\/strong><\/p>\n<p><span style=\"font-size: small;\">Malgr\u00e9 l\u2019ampleur des faits, aucune responsabilit\u00e9 militaire n\u2019a \u00e9t\u00e9 engag\u00e9e. La seule sanction notable est la condamnation de six VDP en novembre\u202f2025 pour meurtre et mutilation de cadavres, une mesure marginale face \u00e0 l\u2019ampleur du probl\u00e8me.\u00a0Les promesses d\u2019enqu\u00eates internes sont rest\u00e9es sans effet, la justice antiterroriste avan\u00e7ant tr\u00e8s lentement, tandis que la communaut\u00e9 internationale tourne son regard vers d\u2019autres contr\u00e9es. La Cour P\u00e9nale Internationale se trouve seul acteur \u00e0 pouvoir mener une action, avant que le Burkina Faso ne sorte de sa juridiction depuis son retrait annonc\u00e9.\u00a0Les t\u00e9moignages recueillis qui d\u00e9nombrent plus de 380 entretiens avec des victimes, d\u00e9crivent une population \u00abprise entre le marteau et l\u2019enclume\u00bb. Menac\u00e9e par le JNIM si elle ne coop\u00e8re pas, et par les forces de s\u00e9curit\u00e9 si elle refuse de collaborer. Ce\u00a0climat de peur et de m\u00e9fiance affaibli la l\u00e9gitimit\u00e9 du pouvoir et nourri le ressentiment populaire. Parall\u00e8lement, le JNIM continue d\u2019\u00e9tendre son emprise, les incidents augmentant en 2024\u20112025, tandis que le discours officiel insiste sur une reconqu\u00eate du territoire. Cette contradiction montre que la strat\u00e9gie actuelle ne parvient pas \u00e0 contenir le terrorisme\u00a0mais contribue plut\u00f4t \u00e0 une spirale d\u2019impunit\u00e9 et de radicalisation qui menace l\u2019avenir du pays.<\/span><\/p>\n<div><strong>Constantine\u00a0<\/strong><\/div>\n<div><\/div>\n","protected":false},"excerpt":{"rendered":"<p>Le conflit qui secoue le pays depuis plusieurs ann\u00e9es a vu les populations civiles passer du statut de victimes collat\u00e9rales \u00e0 celui de cibles privil\u00e9gi\u00e9es. Un rapport d\u00e9taill\u00e9 d\u2019Human\u202fRights\u202fWatch recense 57 incidents entre janvier\u202f2023 et ao\u00fbt\u202f2025, faisant au moins 1\u202f837 morts parmi les non\u2011combattants, tandis que deux millions de personnes ont \u00e9t\u00e9 d\u00e9plac\u00e9es. Les forces [&hellip;]<\/p>\n","protected":false},"author":4,"featured_media":43274,"comment_status":"closed","ping_status":"closed","sticky":false,"template":"","format":"standard","meta":{"_monsterinsights_skip_tracking":false,"_monsterinsights_sitenote_active":false,"_monsterinsights_sitenote_note":"","_monsterinsights_sitenote_category":0,"footnotes":""},"categories":[2,17],"tags":[82,7693,7691,7692],"class_list":["post-43273","post","type-post","status-publish","format-standard","has-post-thumbnail","hentry","category-featured","category-politique","tag-burkina-faso","tag-la-regle","tag-la-violence","tag-les-civils"],"_links":{"self":[{"href":"https:\/\/www.lintelligentdabidjan.info\/news\/wp-json\/wp\/v2\/posts\/43273","targetHints":{"allow":["GET"]}}],"collection":[{"href":"https:\/\/www.lintelligentdabidjan.info\/news\/wp-json\/wp\/v2\/posts"}],"about":[{"href":"https:\/\/www.lintelligentdabidjan.info\/news\/wp-json\/wp\/v2\/types\/post"}],"author":[{"embeddable":true,"href":"https:\/\/www.lintelligentdabidjan.info\/news\/wp-json\/wp\/v2\/users\/4"}],"replies":[{"embeddable":true,"href":"https:\/\/www.lintelligentdabidjan.info\/news\/wp-json\/wp\/v2\/comments?post=43273"}],"version-history":[{"count":1,"href":"https:\/\/www.lintelligentdabidjan.info\/news\/wp-json\/wp\/v2\/posts\/43273\/revisions"}],"predecessor-version":[{"id":43275,"href":"https:\/\/www.lintelligentdabidjan.info\/news\/wp-json\/wp\/v2\/posts\/43273\/revisions\/43275"}],"wp:featuredmedia":[{"embeddable":true,"href":"https:\/\/www.lintelligentdabidjan.info\/news\/wp-json\/wp\/v2\/media\/43274"}],"wp:attachment":[{"href":"https:\/\/www.lintelligentdabidjan.info\/news\/wp-json\/wp\/v2\/media?parent=43273"}],"wp:term":[{"taxonomy":"category","embeddable":true,"href":"https:\/\/www.lintelligentdabidjan.info\/news\/wp-json\/wp\/v2\/categories?post=43273"},{"taxonomy":"post_tag","embeddable":true,"href":"https:\/\/www.lintelligentdabidjan.info\/news\/wp-json\/wp\/v2\/tags?post=43273"}],"curies":[{"name":"wp","href":"https:\/\/api.w.org\/{rel}","templated":true}]}}