{"id":43293,"date":"2026-04-13T02:32:24","date_gmt":"2026-04-13T00:32:24","guid":{"rendered":"https:\/\/www.lintelligentdabidjan.info\/news\/?p=43293"},"modified":"2026-04-13T02:33:32","modified_gmt":"2026-04-13T00:33:32","slug":"concours-dentree-au-cafop-2026environ-68-000-candidats-en-lice-pour-devenir-enseignants-du-primaire","status":"publish","type":"post","link":"https:\/\/www.lintelligentdabidjan.info\/news\/concours-dentree-au-cafop-2026environ-68-000-candidats-en-lice-pour-devenir-enseignants-du-primaire\/","title":{"rendered":"\u00a0Concours d\u2019entr\u00e9e au Cafop 2026:Environ 68 000 candidats en lice pour devenir enseignants du primaire"},"content":{"rendered":"<p><strong>Le ministre de l\u2019\u00c9ducation nationale, de l\u2019Alphab\u00e9tisation et de l\u2019Enseignement technique, N&#8217;Guessan Koffi, a proc\u00e9d\u00e9 le samedi 11 avril 2026 au lancement officiel du concours direct r\u00e9gionalis\u00e9 d\u2019entr\u00e9e dans les Centres d\u2019Animation et de Formation P\u00e9dagogique (Cafop). La c\u00e9r\u00e9monie s\u2019est tenue au Lyc\u00e9e moderne de Cocody.<\/strong><\/p>\n<p>Selon le ministre de l\u2019\u00c9ducation nationale, de l\u2019Alphab\u00e9tisation et de l\u2019Enseignement technique, N&#8217;Guessan Koffi, ce concours vise \u00e0 recruter de futurs enseignants du primaire qui seront form\u00e9s pendant deux ans dans les Cafop avant leur d\u00e9ploiement dans les \u00e9coles \u00e0 travers le pays. Pour l\u2019\u00e9dition 2026, ce sont 67 803 candidats qui prennent part aux \u00e9preuves pour environ 7 000 places disponibles. \u00ab C\u2019est un concours qui permet de recruter des jeunes qui seront form\u00e9s dans les Cafop durant deux ans et qui vont devenir instituteurs dans des \u00e9coles primaires. Nous avons \u00e0 peu pr\u00e8s 68 000 candidats, mais selon les estimations, on aura besoin de recruter pr\u00e8s de 7 000, peut-\u00eatre m\u00eame un peu plus \u00bb, a indiqu\u00e9 le ministre. Selon lui, cette initiative s\u2019inscrit dans la volont\u00e9 du pr\u00e9sident de la R\u00e9publique, Alassane Ouattara de renforcer la qualit\u00e9 de l\u2019enseignement primaire en recrutant des jeunes talentueux, motiv\u00e9s et engag\u00e9s dans la mission \u00e9ducative. N&#8217;Guessan Koffi a soulign\u00e9 que les admis seront ensuite d\u00e9ploy\u00e9s dans les diff\u00e9rentes r\u00e9gions du pays en fonction des besoins du syst\u00e8me \u00e9ducatif. Le ministre a \u00e9galement tenu \u00e0 rassurer les candidats quant \u00e0 la transparence du processus de s\u00e9lection. \u00ab\u00a0 Il n&#8217;y aura pas de favoritisme. Les jeunes qui seront form\u00e9s seront r\u00e9partis sur toute l&#8217;\u00e9tendue du territoire, l\u00e0 o\u00f9 le besoin est vraiment pressant et l\u00e0 o\u00f9 on les attend le plus \u00bb, a-t-il assur\u00e9. Profitant de l\u2019occasion, N\u2019Guessan Koffi a appel\u00e9 les populations \u00e0 faire confiance au syst\u00e8me \u00e9ducatif national, soulignant les efforts engag\u00e9s par le gouvernement pour am\u00e9liorer progressivement la qualit\u00e9 de l\u2019\u00e9cole ivoirienne. \u00ab Je souhaite vraiment que les Ivoiriens ne soient pas n\u00e9gatifs par rapport \u00e0 l&#8217;\u00e9cole. Il y a eu des difficult\u00e9s, c&#8217;est vrai. Mais le pr\u00e9sident de la R\u00e9publique met les moyens pour que, progressivement, tout s&#8217;am\u00e9liore davantage. Et c&#8217;est ce que nous sommes en train de faire. Je vous demande d&#8217;\u00eatre confiants. Et moi, je suis positif. Parce que l&#8217;\u00e9cole Ivoirienne a produit de tr\u00e8s bons cadres. Elle continuera de produire de bons cadres qui vont servir au plan national et \u00e0 l&#8217;\u00e9chelle internationale\u00bb, a-t-il promis.\u00a0 Par ailleurs, il a \u00e9voqu\u00e9 l\u2019int\u00e9r\u00eat manifest\u00e9 par des partenaires de la R\u00e9publique de Guin\u00e9e pour l\u2019exp\u00e9rience ivoirienne en mati\u00e8re de formation des enseignants, dans une perspective de coop\u00e9ration au sein de l\u2019Uemoa et de la Cedeao.<\/p>\n<p>Rappelons que ce sont 67 803 candidats dont 38 007 filles soit 56,05% contre 29.796 gar\u00e7ons, soit 43,95% qui composent dans 154 centres r\u00e9partis dans 14 Districts du pays.<\/p>\n<p><strong>Olivier Dion avec A. Traor\u00e9<\/strong><\/p>\n<p>&nbsp;<\/p>\n<p>&nbsp;<\/p>\n<p>&nbsp;<\/p>\n<p>&nbsp;<\/p>\n<p>&nbsp;<\/p>\n<p>&nbsp;<\/p>\n<p>&nbsp;<\/p>\n<p>&nbsp;<\/p>\n<p>&nbsp;<\/p>\n","protected":false},"excerpt":{"rendered":"<p>Le ministre de l\u2019\u00c9ducation nationale, de l\u2019Alphab\u00e9tisation et de l\u2019Enseignement technique, N&#8217;Guessan Koffi, a proc\u00e9d\u00e9 le samedi 11 avril 2026 au lancement officiel du concours direct r\u00e9gionalis\u00e9 d\u2019entr\u00e9e dans les Centres d\u2019Animation et de Formation P\u00e9dagogique (Cafop). La c\u00e9r\u00e9monie s\u2019est tenue au Lyc\u00e9e moderne de Cocody. Selon le ministre de l\u2019\u00c9ducation nationale, de l\u2019Alphab\u00e9tisation et [&hellip;]<\/p>\n","protected":false},"author":4,"featured_media":43294,"comment_status":"closed","ping_status":"closed","sticky":false,"template":"","format":"standard","meta":{"_monsterinsights_skip_tracking":false,"_monsterinsights_sitenote_active":false,"_monsterinsights_sitenote_note":"","_monsterinsights_sitenote_category":0,"footnotes":""},"categories":[2,3],"tags":[1672,7703,7704,6681],"class_list":["post-43293","post","type-post","status-publish","format-standard","has-post-thumbnail","hentry","category-featured","category-societe","tag-candidats","tag-concours-dentree-au-cafop-2026","tag-enseignants-du-primaire","tag-lice"],"_links":{"self":[{"href":"https:\/\/www.lintelligentdabidjan.info\/news\/wp-json\/wp\/v2\/posts\/43293","targetHints":{"allow":["GET"]}}],"collection":[{"href":"https:\/\/www.lintelligentdabidjan.info\/news\/wp-json\/wp\/v2\/posts"}],"about":[{"href":"https:\/\/www.lintelligentdabidjan.info\/news\/wp-json\/wp\/v2\/types\/post"}],"author":[{"embeddable":true,"href":"https:\/\/www.lintelligentdabidjan.info\/news\/wp-json\/wp\/v2\/users\/4"}],"replies":[{"embeddable":true,"href":"https:\/\/www.lintelligentdabidjan.info\/news\/wp-json\/wp\/v2\/comments?post=43293"}],"version-history":[{"count":1,"href":"https:\/\/www.lintelligentdabidjan.info\/news\/wp-json\/wp\/v2\/posts\/43293\/revisions"}],"predecessor-version":[{"id":43295,"href":"https:\/\/www.lintelligentdabidjan.info\/news\/wp-json\/wp\/v2\/posts\/43293\/revisions\/43295"}],"wp:featuredmedia":[{"embeddable":true,"href":"https:\/\/www.lintelligentdabidjan.info\/news\/wp-json\/wp\/v2\/media\/43294"}],"wp:attachment":[{"href":"https:\/\/www.lintelligentdabidjan.info\/news\/wp-json\/wp\/v2\/media?parent=43293"}],"wp:term":[{"taxonomy":"category","embeddable":true,"href":"https:\/\/www.lintelligentdabidjan.info\/news\/wp-json\/wp\/v2\/categories?post=43293"},{"taxonomy":"post_tag","embeddable":true,"href":"https:\/\/www.lintelligentdabidjan.info\/news\/wp-json\/wp\/v2\/tags?post=43293"}],"curies":[{"name":"wp","href":"https:\/\/api.w.org\/{rel}","templated":true}]}}