{"id":43302,"date":"2026-04-14T07:45:47","date_gmt":"2026-04-14T05:45:47","guid":{"rendered":"https:\/\/www.lintelligentdabidjan.info\/news\/?p=43302"},"modified":"2026-04-14T07:45:47","modified_gmt":"2026-04-14T05:45:47","slug":"cote-divoire-ousmane-coulibaly-au-siimea-paris-la-diaspora-ivoirienne-aura-sa-part-dans-les-25-000-logements","status":"publish","type":"post","link":"https:\/\/www.lintelligentdabidjan.info\/news\/cote-divoire-ousmane-coulibaly-au-siimea-paris-la-diaspora-ivoirienne-aura-sa-part-dans-les-25-000-logements\/","title":{"rendered":"C\u00f4te d&#8217;Ivoire-Ousmane Coulibaly au SIIMEA Paris : \u00ab La diaspora ivoirienne aura sa part dans les 25 000 logements \u00bb"},"content":{"rendered":"<p><strong><em>Au terme de la 2\u1d49 \u00e9dition du SIIMEA, M. Ousmane Coulibaly, directeur du guichet unique du foncier au minist\u00e8re de l\u2019Urbanisme, du Logement et du Cadre de vie dressent un bilan positif de leur participation. Entre rencontres avec la diaspora, explication des proc\u00e9dures fonci\u00e8res et pr\u00e9sentation du Plan pr\u00e9sidentiel d\u2019urgence pour les 25 000 logements en location-vente, l\u2019\u00c9tat ivoirien r\u00e9affirme sa volont\u00e9 de rendre l\u2019acc\u00e8s au logement plus inclusif. Les premiers appartements seront livr\u00e9s d\u00e8s d\u00e9cembre 2026, avec une attention particuli\u00e8re port\u00e9e aux m\u00e9nages modestes, aux familles monoparentales et aux personnes vuln\u00e9rables, sans oublier la diaspora, invit\u00e9e \u00e0 postuler massivement.<\/em><\/strong><\/p>\n<p><strong>\u00a0<\/strong><\/p>\n<p><strong>Nous sommes au terme de cette 2\u00e8me \u00e9dition du SIIMEA. Vos impressions de fin ? .<\/strong><\/p>\n<p>Globalement, nos impressions sont bonnes parce que nous sommes venus dans le cadre institutionnel pour soutenir ce salon l\u00e0 \u00e0 la demande de Madame Fatima Fakri. Qui est la promotrice de ce salon. Et je peux dire que nous, \u00e7a nous a permis de rencontrer beaucoup de personnes de la diaspora \u00e0 qui nous avons expliqu\u00e9 un peu comment il faut acqu\u00e9rir un terrain. De l&#8217;acquisition du terrain jusqu&#8217;\u00e0 la d\u00e9livrance des actes qui sont relatifs \u00e0 ce bien. Et de l\u2019obtention des documents de propri\u00e9t\u00e9 jusqu&#8217;au permis de construire. Et avec mes coll\u00e8gues du logement et du permis de construire, Nous avons expos\u00e9 sur le plan pr\u00e9sidentiel d\u2019urgence pour les 25000 logements qui seront mis en location-vente. Les 25000 logements en urgence que l&#8217;\u00c9tat de C\u00f4te d&#8217;Ivoire construit avec l&#8217;aide de certains bailleurs de fonds, notamment la BAD, la BADEA sont destin\u00e9s aux populations du secteur informel non bancaris\u00e9es. Nous avons \u00e9galement expliqu\u00e9 qu\u2019une partie de ces logements sera r\u00e9serv\u00e9e \u00e0 la diaspora. En tout cas, nous repartons tr\u00e8s satisfait, m\u00eame si on aurait souhait\u00e9 qu&#8217;il y ait encore plus de participants.<\/p>\n<p>&nbsp;<\/p>\n<p><strong>Justement, vous avez, \u00e0 l\u2019occasion d\u2019un panel, vous, le directeur du logement et celui du permis de construire, avez expos\u00e9 les r\u00e9formes dans le secteur de l&#8217;immobilier, du foncier et du logement en C\u00f4te d&#8217;Ivoire. Le sujet qui a suscit\u00e9 les plus d\u2019int\u00e9r\u00eat a \u00e9t\u00e9 celui des 25000 logements qui seront mis en location-vente dans le cadre du plan pr\u00e9sidentiel d\u2019urgence. Quand est-ce que seront livr\u00e9s les premiers logements aux populations\u00a0?<\/strong><\/p>\n<p>D\u2019ici \u00e0 la fin de l\u2019ann\u00e9e nous aurons les premiers logements. Il y a plusieurs immeubles de 900 appartements. Et il y\u2019a 900 appartements qui sont d\u00e9j\u00e0 sortis de sol. Et donc en d\u00e9cembre, on va commencer \u00e0 faire d\u00e9j\u00e0 les premi\u00e8res livraisons. Les attributions vont se faire \u00e0 partir d&#8217;une commission d\u2019attribution multipartite. Il faudra noter que ce n&#8217;est pas seulement le minist\u00e8re de l&#8217;urbanisme, du logement et du cadre de vie qui est dans cette commission, il y a d&#8217;autres minist\u00e8res, et des organisations de la soci\u00e9t\u00e9 civile. Et donc \u00e0 partir de l\u00e0, il y a une s\u00e9lection qui sera faite \u00e0 partir de crit\u00e8res bien pr\u00e9cis. Parce que c&#8217;est un programme de location-vente, ce n&#8217;est plus l&#8217;acqu\u00e9reur qui va vers le promoteur, mais c&#8217;est le promoteur, c&#8217;est-\u00e0-dire l&#8217;\u00c9tat de C\u00f4te d\u2019Ivoire qui va aller vers l&#8217;acqu\u00e9reur \u00e0 travers une s\u00e9lection.<\/p>\n<p><strong>\u00a0<\/strong><\/p>\n<p><strong>Quels sont les populations cibl\u00e9es par ce programme\u00a0? <\/strong><\/p>\n<p>D\u2019abord ceux et celles qui n\u2019ont jamais eu de maisons en C\u00f4te d&#8217;Ivoire. Nous disposons de fichiers num\u00e9riques qui peuvent nous permettre d&#8217;\u00e9tablir cela. La deuxi\u00e8me cible, ce sont les familles monoparentales et les couples dont les revenus sont en 300.000 et 400.000 F CFA. Ce programme vise l&#8217;Ivoirien moyen, actif dans l\u2019informel et capable de payer un loyer. Les personnes en situation de handicap, les veuves et femmes divorc\u00e9es ayant des enfants \u00e0 charge seront privil\u00e9gi\u00e9es.<\/p>\n<p><strong>\u00a0<\/strong><\/p>\n<p><strong>Dans cette affaire des 25000 logements, quelle est la part de la diaspora\u00a0?<\/strong><\/p>\n<p>La part de la diaspora ? On va demander seulement \u00e0 la diaspora de postuler. Pour l\u2019instant, je ne peux pas vous dire en termes de quantit\u00e9 ou de pourcentage ce qui revient \u00e0 la diaspora. Cependant, on ne peut que demander \u00e0 la diaspora de postuler quand les offres seront ouvertes. Il y aura des missions dans les diff\u00e9rentes capitales europ\u00e9ennes pour sensibiliser nos compatriotes de la diaspora de postuler.<\/p>\n<p><strong>Interview r\u00e9alis\u00e9e par Jean-Paul Oro \u00e0 Paris<\/strong><\/p>\n<p>&nbsp;<\/p>\n","protected":false},"excerpt":{"rendered":"<p>Au terme de la 2\u1d49 \u00e9dition du SIIMEA, M. Ousmane Coulibaly, directeur du guichet unique du foncier au minist\u00e8re de l\u2019Urbanisme, du Logement et du Cadre de vie dressent un bilan positif de leur participation. Entre rencontres avec la diaspora, explication des proc\u00e9dures fonci\u00e8res et pr\u00e9sentation du Plan pr\u00e9sidentiel d\u2019urgence pour les 25 000 logements [&hellip;]<\/p>\n","protected":false},"author":4,"featured_media":43304,"comment_status":"closed","ping_status":"closed","sticky":false,"template":"","format":"standard","meta":{"_monsterinsights_skip_tracking":false,"_monsterinsights_sitenote_active":false,"_monsterinsights_sitenote_note":"","_monsterinsights_sitenote_category":0,"footnotes":""},"categories":[2,18],"tags":[77,7708,7694,7706,7707],"class_list":["post-43302","post","type-post","status-publish","format-standard","has-post-thumbnail","hentry","category-featured","category-economie","tag-cote-divoire","tag-la-diaspora-ivoirienne","tag-logements","tag-ousmane-coulibaly","tag-siimea-paris"],"_links":{"self":[{"href":"https:\/\/www.lintelligentdabidjan.info\/news\/wp-json\/wp\/v2\/posts\/43302","targetHints":{"allow":["GET"]}}],"collection":[{"href":"https:\/\/www.lintelligentdabidjan.info\/news\/wp-json\/wp\/v2\/posts"}],"about":[{"href":"https:\/\/www.lintelligentdabidjan.info\/news\/wp-json\/wp\/v2\/types\/post"}],"author":[{"embeddable":true,"href":"https:\/\/www.lintelligentdabidjan.info\/news\/wp-json\/wp\/v2\/users\/4"}],"replies":[{"embeddable":true,"href":"https:\/\/www.lintelligentdabidjan.info\/news\/wp-json\/wp\/v2\/comments?post=43302"}],"version-history":[{"count":1,"href":"https:\/\/www.lintelligentdabidjan.info\/news\/wp-json\/wp\/v2\/posts\/43302\/revisions"}],"predecessor-version":[{"id":43305,"href":"https:\/\/www.lintelligentdabidjan.info\/news\/wp-json\/wp\/v2\/posts\/43302\/revisions\/43305"}],"wp:featuredmedia":[{"embeddable":true,"href":"https:\/\/www.lintelligentdabidjan.info\/news\/wp-json\/wp\/v2\/media\/43304"}],"wp:attachment":[{"href":"https:\/\/www.lintelligentdabidjan.info\/news\/wp-json\/wp\/v2\/media?parent=43302"}],"wp:term":[{"taxonomy":"category","embeddable":true,"href":"https:\/\/www.lintelligentdabidjan.info\/news\/wp-json\/wp\/v2\/categories?post=43302"},{"taxonomy":"post_tag","embeddable":true,"href":"https:\/\/www.lintelligentdabidjan.info\/news\/wp-json\/wp\/v2\/tags?post=43302"}],"curies":[{"name":"wp","href":"https:\/\/api.w.org\/{rel}","templated":true}]}}