{"id":43315,"date":"2026-04-14T08:05:23","date_gmt":"2026-04-14T06:05:23","guid":{"rendered":"https:\/\/www.lintelligentdabidjan.info\/news\/?p=43315"},"modified":"2026-04-14T08:05:31","modified_gmt":"2026-04-14T06:05:31","slug":"bondoukoumaizan-koffi-noel-prone-lunite-autour-du-nouveau-chef-de-kikiweri","status":"publish","type":"post","link":"https:\/\/www.lintelligentdabidjan.info\/news\/bondoukoumaizan-koffi-noel-prone-lunite-autour-du-nouveau-chef-de-kikiweri\/","title":{"rendered":"Bondoukou:Ma\u00efzan Koffi No\u00ebl pr\u00f4ne l\u2019unit\u00e9 autour du nouveau chef de Kikiweri"},"content":{"rendered":"<p><strong>Le d\u00e9put\u00e9 de Bondoukou commune et sous-pr\u00e9fectures, Ma\u00efzan Koffi No\u00ebl, a parrain\u00e9, le 4 avril 2026, la c\u00e9r\u00e9monie d\u2019intronisation de Kouadio Kra C\u00e9lestin \u00e0 la t\u00eate du village de Kikiweri, dans la sous-pr\u00e9fecture d\u2019Appimandoum.<\/strong><\/p>\n<p>Intronis\u00e9 sous le nom de r\u00e8gne Nanan Akon Ababio, il devient le sixi\u00e8me chef du village depuis sa cr\u00e9ation. Ancien agent de la Soci\u00e9t\u00e9 africaine de plantations d&#8217;h\u00e9v\u00e9as (SAPH), aujourd\u2019hui \u00e0 la retraite, il est mari\u00e9 et p\u00e8re de deux enfants.<\/p>\n<p>Dans son intervention, Ma\u00efzan Koffi No\u00ebl, a salu\u00e9 la port\u00e9e de cette intronisation, qu\u2019il consid\u00e8re comme un facteur cl\u00e9 de stabilit\u00e9 sociale et de d\u00e9veloppement local. Il a, par ailleurs, exprim\u00e9 sa reconnaissance aux populations de sa circonscription pour leur soutien lors des \u00e9lections l\u00e9gislatives de 2025, qui ont abouti \u00e0 sa r\u00e9\u00e9lection. Il a r\u00e9affirm\u00e9 son engagement \u00e0 accompagner les initiatives locales, notamment \u00e0 travers la mise en \u0153uvre de projets d\u2019infrastructures au profit des communaut\u00e9s.<\/p>\n<p>En marge de cette c\u00e9r\u00e9monie, le d\u00e9put\u00e9 a effectu\u00e9 une tourn\u00e9e dans plusieurs localit\u00e9s de sa circonscription, notamment \u00e0 Ou\u00e9l\u00e9k\u00e9i, Kouassi N\u2019dawa, Sanguehi, Digowiri et Pougouvagne. Ces visites ont donn\u00e9 lieu \u00e0 des \u00e9changes avec les habitants, en particulier les jeunes, autour du vivre-ensemble et du renforcement des liens sociaux.<\/p>\n<p>Le nouveau chef est attendu sur des enjeux li\u00e9s \u00e0 la gestion des affaires coutumi\u00e8res, \u00e0 la m\u00e9diation sociale et au maintien de l\u2019unit\u00e9 au sein de la communaut\u00e9.<\/p>\n<p><strong>Ibrahim Khalil\u00a0<\/strong><\/p>\n<p>&nbsp;<\/p>\n<p>&nbsp;<\/p>\n<p>&nbsp;<\/p>\n<p>&nbsp;<\/p>\n","protected":false},"excerpt":{"rendered":"<p>Le d\u00e9put\u00e9 de Bondoukou commune et sous-pr\u00e9fectures, Ma\u00efzan Koffi No\u00ebl, a parrain\u00e9, le 4 avril 2026, la c\u00e9r\u00e9monie d\u2019intronisation de Kouadio Kra C\u00e9lestin \u00e0 la t\u00eate du village de Kikiweri, dans la sous-pr\u00e9fecture d\u2019Appimandoum. Intronis\u00e9 sous le nom de r\u00e8gne Nanan Akon Ababio, il devient le sixi\u00e8me chef du village depuis sa cr\u00e9ation. Ancien agent [&hellip;]<\/p>\n","protected":false},"author":4,"featured_media":43316,"comment_status":"closed","ping_status":"closed","sticky":false,"template":"","format":"standard","meta":{"_monsterinsights_skip_tracking":false,"_monsterinsights_sitenote_active":false,"_monsterinsights_sitenote_note":"","_monsterinsights_sitenote_category":0,"footnotes":""},"categories":[2,3],"tags":[1007,6215,7714],"class_list":["post-43315","post","type-post","status-publish","format-standard","has-post-thumbnail","hentry","category-featured","category-societe","tag-bondoukou","tag-maizan-koffi-noel","tag-nouveau-chef-de-kikiweri"],"_links":{"self":[{"href":"https:\/\/www.lintelligentdabidjan.info\/news\/wp-json\/wp\/v2\/posts\/43315","targetHints":{"allow":["GET"]}}],"collection":[{"href":"https:\/\/www.lintelligentdabidjan.info\/news\/wp-json\/wp\/v2\/posts"}],"about":[{"href":"https:\/\/www.lintelligentdabidjan.info\/news\/wp-json\/wp\/v2\/types\/post"}],"author":[{"embeddable":true,"href":"https:\/\/www.lintelligentdabidjan.info\/news\/wp-json\/wp\/v2\/users\/4"}],"replies":[{"embeddable":true,"href":"https:\/\/www.lintelligentdabidjan.info\/news\/wp-json\/wp\/v2\/comments?post=43315"}],"version-history":[{"count":1,"href":"https:\/\/www.lintelligentdabidjan.info\/news\/wp-json\/wp\/v2\/posts\/43315\/revisions"}],"predecessor-version":[{"id":43317,"href":"https:\/\/www.lintelligentdabidjan.info\/news\/wp-json\/wp\/v2\/posts\/43315\/revisions\/43317"}],"wp:featuredmedia":[{"embeddable":true,"href":"https:\/\/www.lintelligentdabidjan.info\/news\/wp-json\/wp\/v2\/media\/43316"}],"wp:attachment":[{"href":"https:\/\/www.lintelligentdabidjan.info\/news\/wp-json\/wp\/v2\/media?parent=43315"}],"wp:term":[{"taxonomy":"category","embeddable":true,"href":"https:\/\/www.lintelligentdabidjan.info\/news\/wp-json\/wp\/v2\/categories?post=43315"},{"taxonomy":"post_tag","embeddable":true,"href":"https:\/\/www.lintelligentdabidjan.info\/news\/wp-json\/wp\/v2\/tags?post=43315"}],"curies":[{"name":"wp","href":"https:\/\/api.w.org\/{rel}","templated":true}]}}