{"id":43318,"date":"2026-04-14T08:08:06","date_gmt":"2026-04-14T06:08:06","guid":{"rendered":"https:\/\/www.lintelligentdabidjan.info\/news\/?p=43318"},"modified":"2026-04-14T08:08:13","modified_gmt":"2026-04-14T06:08:13","slug":"challenge-social-fondation-lonaci-fatou-sylla-remporte-la-8e-edition","status":"publish","type":"post","link":"https:\/\/www.lintelligentdabidjan.info\/news\/challenge-social-fondation-lonaci-fatou-sylla-remporte-la-8e-edition\/","title":{"rendered":"Challenge Social Fondation Lonaci : Fatou Sylla remporte la 8e \u00e9dition"},"content":{"rendered":"<p><strong>Selon une note transmise \u00e0 notre r\u00e9daction,\u00a0 la 8e \u00e9dition du Challenge Social de la Fondation Lonaci a consacr\u00e9 Fatou Sylla comme laur\u00e9ate principale, lors de la c\u00e9r\u00e9monie de remise des prix organis\u00e9e aux Studios Lonaci, \u00e0 Marcory-Bi\u00e9try, en pr\u00e9sence du directeur g\u00e9n\u00e9ral et pr\u00e9sident du conseil d\u2019administration de la Fondation, Dramane Coulibaly. C\u2019\u00e9tait le jeudi 09 avril 2026.<\/strong><\/p>\n<p>Journaliste \u00e0 Fraternit\u00e9 Matin et Super Ebony 2025, Fatou Sylla a d\u00e9croch\u00e9 le 1er prix gr\u00e2ce \u00e0 une enqu\u00eate consacr\u00e9e aux explosions de gaz butane dans les m\u00e9nages ivoiriens. Le 2e prix est revenu \u00e0 Diomand\u00e9 Mohamed Khalil (RTI) pour son reportage sur les cons\u00e9quences de l\u2019accident vasculaire c\u00e9r\u00e9bral sur les patients et leurs familles. Emeline Amangoua (Fraternit\u00e9 Matin) compl\u00e8te le podium avec le 3e prix, r\u00e9compens\u00e9e pour son travail sur les conditions de vie des enfants atteints de l\u2019ulc\u00e8re de Buruli. Les laur\u00e9ats ont respectivement re\u00e7u un troph\u00e9e ainsi que des enveloppes de 3 millions, 2 millions et 1 million de FCFA, des r\u00e9compenses qualifi\u00e9es de record pour cette \u00e9dition. F\u00e9licitant les prim\u00e9s, Dramane Coulibaly a salu\u00e9 des productions ayant su \u00ab porter un regard juste, sensible et engag\u00e9 sur les r\u00e9alit\u00e9s sociales \u00bb du pays. Il a \u00e9galement r\u00e9affirm\u00e9 la vocation sociale de la Fondation Lonaci, dont le budget atteint d\u00e9sormais pr\u00e8s de 7 milliards de FCFA, en hausse d\u2019environ un milliard. Ces ressources permettent de financer des projets structurants, notamment dans les domaines de la sant\u00e9, de l\u2019\u00e9ducation, de l\u2019hydraulique villageoise et des infrastructures communautaires. En marge de la c\u00e9r\u00e9monie, la 9e \u00e9dition du Challenge Social a \u00e9t\u00e9 officiellement lanc\u00e9e. Le responsable de la Fondation a par ailleurs annonc\u00e9 les activit\u00e9s marquant les 55 ans de la Lonaci, avec une conf\u00e9rence de presse pr\u00e9vue le 28 avril aux Studios Lonaci et une c\u00e9r\u00e9monie officielle le 30 avril au Sofitel Abidjan H\u00f4tel Ivoire.<\/p>\n<p><strong>Moustapha Ismaila<\/strong><\/p>\n<p>&nbsp;<\/p>\n<p>&nbsp;<\/p>\n","protected":false},"excerpt":{"rendered":"<p>Selon une note transmise \u00e0 notre r\u00e9daction,\u00a0 la 8e \u00e9dition du Challenge Social de la Fondation Lonaci a consacr\u00e9 Fatou Sylla comme laur\u00e9ate principale, lors de la c\u00e9r\u00e9monie de remise des prix organis\u00e9e aux Studios Lonaci, \u00e0 Marcory-Bi\u00e9try, en pr\u00e9sence du directeur g\u00e9n\u00e9ral et pr\u00e9sident du conseil d\u2019administration de la Fondation, Dramane Coulibaly. C\u2019\u00e9tait le [&hellip;]<\/p>\n","protected":false},"author":4,"featured_media":43319,"comment_status":"closed","ping_status":"closed","sticky":false,"template":"","format":"standard","meta":{"_monsterinsights_skip_tracking":false,"_monsterinsights_sitenote_active":false,"_monsterinsights_sitenote_note":"","_monsterinsights_sitenote_category":0,"footnotes":""},"categories":[2,3],"tags":[7715,7716,4328],"class_list":["post-43318","post","type-post","status-publish","format-standard","has-post-thumbnail","hentry","category-featured","category-societe","tag-challenge-social-fondation-lonaci","tag-fatou-sylla","tag-la-8e-edition"],"_links":{"self":[{"href":"https:\/\/www.lintelligentdabidjan.info\/news\/wp-json\/wp\/v2\/posts\/43318","targetHints":{"allow":["GET"]}}],"collection":[{"href":"https:\/\/www.lintelligentdabidjan.info\/news\/wp-json\/wp\/v2\/posts"}],"about":[{"href":"https:\/\/www.lintelligentdabidjan.info\/news\/wp-json\/wp\/v2\/types\/post"}],"author":[{"embeddable":true,"href":"https:\/\/www.lintelligentdabidjan.info\/news\/wp-json\/wp\/v2\/users\/4"}],"replies":[{"embeddable":true,"href":"https:\/\/www.lintelligentdabidjan.info\/news\/wp-json\/wp\/v2\/comments?post=43318"}],"version-history":[{"count":1,"href":"https:\/\/www.lintelligentdabidjan.info\/news\/wp-json\/wp\/v2\/posts\/43318\/revisions"}],"predecessor-version":[{"id":43320,"href":"https:\/\/www.lintelligentdabidjan.info\/news\/wp-json\/wp\/v2\/posts\/43318\/revisions\/43320"}],"wp:featuredmedia":[{"embeddable":true,"href":"https:\/\/www.lintelligentdabidjan.info\/news\/wp-json\/wp\/v2\/media\/43319"}],"wp:attachment":[{"href":"https:\/\/www.lintelligentdabidjan.info\/news\/wp-json\/wp\/v2\/media?parent=43318"}],"wp:term":[{"taxonomy":"category","embeddable":true,"href":"https:\/\/www.lintelligentdabidjan.info\/news\/wp-json\/wp\/v2\/categories?post=43318"},{"taxonomy":"post_tag","embeddable":true,"href":"https:\/\/www.lintelligentdabidjan.info\/news\/wp-json\/wp\/v2\/tags?post=43318"}],"curies":[{"name":"wp","href":"https:\/\/api.w.org\/{rel}","templated":true}]}}