{"id":43321,"date":"2026-04-14T08:12:38","date_gmt":"2026-04-14T06:12:38","guid":{"rendered":"https:\/\/www.lintelligentdabidjan.info\/news\/?p=43321"},"modified":"2026-04-14T08:12:38","modified_gmt":"2026-04-14T06:12:38","slug":"uj-rhdp-kone-mamadou-appelle-a-une-mobilisation-permanente-en-vue-des-echeances-futures","status":"publish","type":"post","link":"https:\/\/www.lintelligentdabidjan.info\/news\/uj-rhdp-kone-mamadou-appelle-a-une-mobilisation-permanente-en-vue-des-echeances-futures\/","title":{"rendered":"UJ-RHDP :\u00a0Kon\u00e9 Mamadou appelle \u00e0 une mobilisation permanente en vue des \u00e9ch\u00e9ances futures"},"content":{"rendered":"<p><strong>R\u00e9unis le samedi 11 avril 2026 au si\u00e8ge du RHDP \u00e0 Cocody, les membres du Bureau ex\u00e9cutif national et les coordinations r\u00e9gionales de l\u2019Union des Jeunes du RHDP (UJ-RHDP) ont tenu une rencontre , marquant une nouvelle \u00e9tape dans la structuration de la jeunesse du parti.<\/strong><\/p>\n<p>Dans un contexte post-\u00e9lectoral marqu\u00e9 par les r\u00e9sultats de 2025, l\u2019organisation entend consolider ses acquis et inscrire son action dans la dur\u00e9e. \u00c0 travers la pr\u00e9sentation de la matrice d\u2019activit\u00e9s 2026, son pr\u00e9sident, Kon\u00e9 Mamadou, a mis en avant les enjeux \u00e0 venir, insistant sur la n\u00e9cessit\u00e9 d\u2019une pr\u00e9sence active et continue sur le terrain.<\/p>\n<p>Pour y parvenir, l\u2019UJ-RHDP pr\u00e9voit une s\u00e9rie d\u2019initiatives structur\u00e9es : r\u00e9unions p\u00e9riodiques, sessions de formation, campagnes d\u2019adh\u00e9sion, activit\u00e9s sportives et grands rendez-vous politiques, notamment le \u00ab Rendez-vous des Jeunes \u00bb. Cette strat\u00e9gie vise \u00e0 renforcer l\u2019ancrage militant et \u00e0 mieux pr\u00e9parer les futures \u00e9ch\u00e9ances \u00e9lectorales.<\/p>\n<p>Dans son intervention, Kon\u00e9 Mamadou a alert\u00e9 sur les risques li\u00e9s \u00e0 l\u2019inaction :<\/p>\n<p>\u00ab Toute inaction aujourd\u2019hui aura un co\u00fbt politique en 2028 et pourrait constituer un risque \u00e0 l\u2019horizon 2030. \u00bb<\/p>\n<p>Il a \u00e9galement insist\u00e9 sur la n\u00e9cessit\u00e9 d\u2019une mobilisation constante :<\/p>\n<p>\u00ab L\u2019engagement des jeunes doit \u00eatre permanent, pour le parti comme pour le Pr\u00e9sident de la R\u00e9publique. Les \u00e9ch\u00e9ances \u00e0 venir se pr\u00e9parent d\u00e8s maintenant. \u00bb<\/p>\n<p>\u00c0 travers cette rencontre, l\u2019UJ-RHDP affiche clairement son ambition de faire de la jeunesse un levier strat\u00e9gique durable au sein du parti.<\/p>\n<p><strong>Beker Yao<\/strong><\/p>\n<p>&nbsp;<\/p>\n<p>&nbsp;<\/p>\n<p>&nbsp;<\/p>\n<p>&nbsp;<\/p>\n","protected":false},"excerpt":{"rendered":"<p>R\u00e9unis le samedi 11 avril 2026 au si\u00e8ge du RHDP \u00e0 Cocody, les membres du Bureau ex\u00e9cutif national et les coordinations r\u00e9gionales de l\u2019Union des Jeunes du RHDP (UJ-RHDP) ont tenu une rencontre , marquant une nouvelle \u00e9tape dans la structuration de la jeunesse du parti. Dans un contexte post-\u00e9lectoral marqu\u00e9 par les r\u00e9sultats de [&hellip;]<\/p>\n","protected":false},"author":4,"featured_media":43322,"comment_status":"closed","ping_status":"closed","sticky":false,"template":"","format":"standard","meta":{"_monsterinsights_skip_tracking":false,"_monsterinsights_sitenote_active":false,"_monsterinsights_sitenote_note":"","_monsterinsights_sitenote_category":0,"footnotes":""},"categories":[2,17],"tags":[7718,1150,3120,7717],"class_list":["post-43321","post","type-post","status-publish","format-standard","has-post-thumbnail","hentry","category-featured","category-politique","tag-echeances-futures","tag-kone-mamadou","tag-uj-rhdp","tag-une-mobilisation"],"_links":{"self":[{"href":"https:\/\/www.lintelligentdabidjan.info\/news\/wp-json\/wp\/v2\/posts\/43321","targetHints":{"allow":["GET"]}}],"collection":[{"href":"https:\/\/www.lintelligentdabidjan.info\/news\/wp-json\/wp\/v2\/posts"}],"about":[{"href":"https:\/\/www.lintelligentdabidjan.info\/news\/wp-json\/wp\/v2\/types\/post"}],"author":[{"embeddable":true,"href":"https:\/\/www.lintelligentdabidjan.info\/news\/wp-json\/wp\/v2\/users\/4"}],"replies":[{"embeddable":true,"href":"https:\/\/www.lintelligentdabidjan.info\/news\/wp-json\/wp\/v2\/comments?post=43321"}],"version-history":[{"count":1,"href":"https:\/\/www.lintelligentdabidjan.info\/news\/wp-json\/wp\/v2\/posts\/43321\/revisions"}],"predecessor-version":[{"id":43323,"href":"https:\/\/www.lintelligentdabidjan.info\/news\/wp-json\/wp\/v2\/posts\/43321\/revisions\/43323"}],"wp:featuredmedia":[{"embeddable":true,"href":"https:\/\/www.lintelligentdabidjan.info\/news\/wp-json\/wp\/v2\/media\/43322"}],"wp:attachment":[{"href":"https:\/\/www.lintelligentdabidjan.info\/news\/wp-json\/wp\/v2\/media?parent=43321"}],"wp:term":[{"taxonomy":"category","embeddable":true,"href":"https:\/\/www.lintelligentdabidjan.info\/news\/wp-json\/wp\/v2\/categories?post=43321"},{"taxonomy":"post_tag","embeddable":true,"href":"https:\/\/www.lintelligentdabidjan.info\/news\/wp-json\/wp\/v2\/tags?post=43321"}],"curies":[{"name":"wp","href":"https:\/\/api.w.org\/{rel}","templated":true}]}}