{"id":43327,"date":"2026-04-14T08:20:33","date_gmt":"2026-04-14T06:20:33","guid":{"rendered":"https:\/\/www.lintelligentdabidjan.info\/news\/?p=43327"},"modified":"2026-04-14T08:20:45","modified_gmt":"2026-04-14T06:20:45","slug":"leadership-des-jeunes-un-appel-a-lengagement-et-a-la-responsabilite","status":"publish","type":"post","link":"https:\/\/www.lintelligentdabidjan.info\/news\/leadership-des-jeunes-un-appel-a-lengagement-et-a-la-responsabilite\/","title":{"rendered":"Leadership des jeunes:  Un appel \u00e0 l\u2019engagement et \u00e0 la responsabilit\u00e9"},"content":{"rendered":"<p><strong>La premi\u00e8re \u00e9dition de la &#8220;Jeunes Confiants Leadership Conf\u00e9rence&#8221; (JCL), initi\u00e9e par Melissa Moulot Epse Di\u00e9kouadio, alias Coach MDK, s\u2019est tenue le samedi 11 avril 2026 dans un complexe h\u00f4telier \u00e0 Abidjan-Cocody. Cette rencontre, consacr\u00e9e au d\u00e9veloppement du leadership et de l\u2019estime de soi chez les enfants et les jeunes, a r\u00e9uni plus de 300 participants ainsi que plusieurs personnalit\u00e9s et partenaires engag\u00e9s dans la promotion de la jeunesse.<\/strong><\/p>\n<p>Repr\u00e9sentant la ministre de la Femme, de la Famille et de l\u2019Enfant, emp\u00each\u00e9e, Natacha Yao, charg\u00e9e d\u2019\u00e9tudes au sein du minist\u00e8re, a d\u00e9livr\u00e9 un message empreint d\u2019espoir et d\u2019encouragement. Elle a mis en exergue la port\u00e9e strat\u00e9gique de cette initiative, qu\u2019elle a qualifi\u00e9e de bien plus qu\u2019un simple \u00e9v\u00e9nement. \u00ab Cette conf\u00e9rence est un souffle, une promesse, une main tendue vers l\u2019avenir de notre jeunesse \u00bb, a-t-elle d\u00e9clar\u00e9.<\/p>\n<p>S\u2019adressant aux jeunes leaders pr\u00e9sents&#8221;, elle a insist\u00e9 sur leur r\u00f4le d\u00e9terminant dans la construction de la soci\u00e9t\u00e9 ivoirienne. Elle les a exhort\u00e9s \u00e0 cultiver des valeurs essentielles telles que la r\u00e9silience, la pers\u00e9v\u00e9rance et l\u2019int\u00e9grit\u00e9, tout en d\u00e9veloppant leur aptitude \u00e0 transformer leurs talents en actions concr\u00e8tes et leurs ambitions en projets structur\u00e9s.<\/p>\n<p>Au nom de la ministre, Natacha Yao a \u00e9galement soulign\u00e9 que la &#8220;Jeunes Confiants Leadership Conf\u00e9rence&#8221; d\u00e9passe le cadre d\u2019une formation classique. Elle constitue une v\u00e9ritable mission confi\u00e9e \u00e0 la jeunesse : contribuer \u00e0 l\u2019\u00e9dification d\u2019une soci\u00e9t\u00e9 plus juste, solidaire et respectueuse des droits de la femme, de la famille et de l\u2019enfant.<\/p>\n<p>Insistant sur l\u2019importance des rep\u00e8res culturels, elle a invit\u00e9 les participants de la &#8220;Jeunes Confiants Leadership Conf\u00e9rence&#8221; \u00e0 s\u2019appuyer sur les valeurs et traditions ivoiriennes pour renforcer leur identit\u00e9 et leur engagement citoyen. \u00ab Nos cultures ne sont pas des reliques du pass\u00e9, mais des racines solides sur lesquelles b\u00e2tir l\u2019avenir \u00bb, a-t-elle affirm\u00e9.<\/p>\n<p>Cl\u00f4turant son intervention , elle a appel\u00e9 les jeunes \u00e0 adopter un leadership responsable, fond\u00e9 non seulement sur la r\u00e9ussite individuelle, mais aussi sur la recherche du bien-\u00eatre collectif. Elle les a ainsi encourag\u00e9s \u00e0 agir avec confiance, courage et responsabilit\u00e9, afin de devenir de v\u00e9ritables acteurs de transformation sociale.<\/p>\n<p>La &#8220;Jeunes Confiants Leadership Conf\u00e9rence&#8221; s\u2019inscrit dans une dynamique globale de valorisation de la jeunesse et de renforcement de son r\u00f4le dans le d\u00e9veloppement durable et inclusif de la C\u00f4te d\u2019Ivoire.<\/p>\n<p>&nbsp;<\/p>\n<p><strong>Olivier Dion avec G\u00e9rard Batoua<\/strong><\/p>\n<p>&nbsp;<\/p>\n","protected":false},"excerpt":{"rendered":"<p>La premi\u00e8re \u00e9dition de la &#8220;Jeunes Confiants Leadership Conf\u00e9rence&#8221; (JCL), initi\u00e9e par Melissa Moulot Epse Di\u00e9kouadio, alias Coach MDK, s\u2019est tenue le samedi 11 avril 2026 dans un complexe h\u00f4telier \u00e0 Abidjan-Cocody. Cette rencontre, consacr\u00e9e au d\u00e9veloppement du leadership et de l\u2019estime de soi chez les enfants et les jeunes, a r\u00e9uni plus de 300 [&hellip;]<\/p>\n","protected":false},"author":4,"featured_media":43328,"comment_status":"closed","ping_status":"closed","sticky":false,"template":"","format":"standard","meta":{"_monsterinsights_skip_tracking":false,"_monsterinsights_sitenote_active":false,"_monsterinsights_sitenote_note":"","_monsterinsights_sitenote_category":0,"footnotes":""},"categories":[2,3],"tags":[6368,7722,7721,4773],"class_list":["post-43327","post","type-post","status-publish","format-standard","has-post-thumbnail","hentry","category-featured","category-societe","tag-lengagement","tag-la-responsabilite","tag-leadership-des-jeunes","tag-un-appel"],"_links":{"self":[{"href":"https:\/\/www.lintelligentdabidjan.info\/news\/wp-json\/wp\/v2\/posts\/43327","targetHints":{"allow":["GET"]}}],"collection":[{"href":"https:\/\/www.lintelligentdabidjan.info\/news\/wp-json\/wp\/v2\/posts"}],"about":[{"href":"https:\/\/www.lintelligentdabidjan.info\/news\/wp-json\/wp\/v2\/types\/post"}],"author":[{"embeddable":true,"href":"https:\/\/www.lintelligentdabidjan.info\/news\/wp-json\/wp\/v2\/users\/4"}],"replies":[{"embeddable":true,"href":"https:\/\/www.lintelligentdabidjan.info\/news\/wp-json\/wp\/v2\/comments?post=43327"}],"version-history":[{"count":1,"href":"https:\/\/www.lintelligentdabidjan.info\/news\/wp-json\/wp\/v2\/posts\/43327\/revisions"}],"predecessor-version":[{"id":43329,"href":"https:\/\/www.lintelligentdabidjan.info\/news\/wp-json\/wp\/v2\/posts\/43327\/revisions\/43329"}],"wp:featuredmedia":[{"embeddable":true,"href":"https:\/\/www.lintelligentdabidjan.info\/news\/wp-json\/wp\/v2\/media\/43328"}],"wp:attachment":[{"href":"https:\/\/www.lintelligentdabidjan.info\/news\/wp-json\/wp\/v2\/media?parent=43327"}],"wp:term":[{"taxonomy":"category","embeddable":true,"href":"https:\/\/www.lintelligentdabidjan.info\/news\/wp-json\/wp\/v2\/categories?post=43327"},{"taxonomy":"post_tag","embeddable":true,"href":"https:\/\/www.lintelligentdabidjan.info\/news\/wp-json\/wp\/v2\/tags?post=43327"}],"curies":[{"name":"wp","href":"https:\/\/api.w.org\/{rel}","templated":true}]}}