{"id":43334,"date":"2026-04-14T08:27:18","date_gmt":"2026-04-14T06:27:18","guid":{"rendered":"https:\/\/www.lintelligentdabidjan.info\/news\/?p=43334"},"modified":"2026-04-14T08:29:14","modified_gmt":"2026-04-14T06:29:14","slug":"lintelligent-en-pdf-le-garde-des-sceaux-ministre-de-la-justice-et-des-droits-de-lhomme-face-aux-deputes-hier-voici-la-difference-entre-lobservatoire-de","status":"publish","type":"post","link":"https:\/\/www.lintelligentdabidjan.info\/news\/lintelligent-en-pdf-le-garde-des-sceaux-ministre-de-la-justice-et-des-droits-de-lhomme-face-aux-deputes-hier-voici-la-difference-entre-lobservatoire-de\/","title":{"rendered":"\u00a0L&#8217;Intelligent en PDF:\u00a0Le garde des Sceaux, ministre de la Justice et des Droits de l\u2019homme face aux d\u00e9put\u00e9s hier : \u00ab\u00a0 Voici la diff\u00e9rence entre l\u2019observatoire de la d\u00e9tention et le conseil national des droits de l\u2019homme \u00bb"},"content":{"rendered":"<p dir=\"ltr\"><strong>Le garde des Sceaux, ministre de la Justice et des Droits de l\u2019homme, Jean Sansan Kambil\u00e9, \u00e9tait le lundi 13 avril 2026 face \u00e0 la Commission des affaires g\u00e9n\u00e9rales et institutionnelles (CAGI) de l&#8217;Assembl\u00e9e pour un nouvel examen du projet de loi portant cr\u00e9ation de l\u2019Observatoire national de la d\u00e9tention. Qu&#8217;a t-il dit \u00e0\u00a0 propos de la diff\u00e9rence entre l\u2019observatoire de la d\u00e9tention et le conseil national des droits de l\u2019homme?\u00a0<\/strong><\/p>\n<p dir=\"ltr\">Article \u00e0 d\u00e9couvrir en ligne sur&#8230;<\/p>\n<p><a href=\"https:\/\/news.abidjan.net\/titrologie\/39-lintelligent-dabidjan\/articles\" target=\"_blank\" rel=\"noopener\">https:\/\/news.abidjan.net\/titrologie\/39-lintelligent-dabidjan\/articles<\/a><\/p>\n<p dir=\"ltr\">\u00c0\u00a0 lire aussi la Premi\u00e8re Dame Dominique Ouattara pr\u00e9sente \u00e0 l&#8217;inauguration du village d&#8217;innovation culturelle du MASA; 1800 enseignants de math\u00e9matiques et physique\u2011chimie d\u00e9ploy\u00e9s; l&#8217;interview d&#8217;Ousmane Coulibaly au SIIMEA sur les 25000 logements du PPU; Une liste appelle Adama Kamara au secours au niveau de l&#8217;\u00e9lection \u00e0 la MUGEFCI.<\/p>\n<p dir=\"ltr\">Cliquez pour les d\u00e9tails<\/p>\n<p><a href=\"https:\/\/www.afrikipresse.com\/abonnement\" target=\"_blank\" rel=\"noopener\">https:\/\/www.afrikipresse.com\/abonnement<\/a><\/p>\n<p dir=\"ltr\">\u00c0\u00a0 voir \u00e9galement la jeunesse aux c\u00f4t\u00e9s d\u2019Anne Ouloto-Lamizana pour la promotion de la paix et quel bilan des\u00a0Projets C2D apr\u00e8s 13 ans.<\/p>\n<p><a href=\"https:\/\/www.pressecotedivoire.fr\/titrologie\" target=\"_blank\" rel=\"noopener\">https:\/\/www.pressecotedivoire.fr\/titrologie<\/a><\/p>\n","protected":false},"excerpt":{"rendered":"<p>Le garde des Sceaux, ministre de la Justice et des Droits de l\u2019homme, Jean Sansan Kambil\u00e9, \u00e9tait le lundi 13 avril 2026 face \u00e0 la Commission des affaires g\u00e9n\u00e9rales et institutionnelles (CAGI) de l&#8217;Assembl\u00e9e pour un nouvel examen du projet de loi portant cr\u00e9ation de l\u2019Observatoire national de la d\u00e9tention. Qu&#8217;a t-il dit \u00e0\u00a0 propos [&hellip;]<\/p>\n","protected":false},"author":4,"featured_media":43335,"comment_status":"closed","ping_status":"closed","sticky":false,"template":"","format":"standard","meta":{"_monsterinsights_skip_tracking":false,"_monsterinsights_sitenote_active":false,"_monsterinsights_sitenote_note":"","_monsterinsights_sitenote_category":0,"footnotes":""},"categories":[2,3],"tags":[],"class_list":["post-43334","post","type-post","status-publish","format-standard","has-post-thumbnail","hentry","category-featured","category-societe"],"_links":{"self":[{"href":"https:\/\/www.lintelligentdabidjan.info\/news\/wp-json\/wp\/v2\/posts\/43334","targetHints":{"allow":["GET"]}}],"collection":[{"href":"https:\/\/www.lintelligentdabidjan.info\/news\/wp-json\/wp\/v2\/posts"}],"about":[{"href":"https:\/\/www.lintelligentdabidjan.info\/news\/wp-json\/wp\/v2\/types\/post"}],"author":[{"embeddable":true,"href":"https:\/\/www.lintelligentdabidjan.info\/news\/wp-json\/wp\/v2\/users\/4"}],"replies":[{"embeddable":true,"href":"https:\/\/www.lintelligentdabidjan.info\/news\/wp-json\/wp\/v2\/comments?post=43334"}],"version-history":[{"count":3,"href":"https:\/\/www.lintelligentdabidjan.info\/news\/wp-json\/wp\/v2\/posts\/43334\/revisions"}],"predecessor-version":[{"id":43338,"href":"https:\/\/www.lintelligentdabidjan.info\/news\/wp-json\/wp\/v2\/posts\/43334\/revisions\/43338"}],"wp:featuredmedia":[{"embeddable":true,"href":"https:\/\/www.lintelligentdabidjan.info\/news\/wp-json\/wp\/v2\/media\/43335"}],"wp:attachment":[{"href":"https:\/\/www.lintelligentdabidjan.info\/news\/wp-json\/wp\/v2\/media?parent=43334"}],"wp:term":[{"taxonomy":"category","embeddable":true,"href":"https:\/\/www.lintelligentdabidjan.info\/news\/wp-json\/wp\/v2\/categories?post=43334"},{"taxonomy":"post_tag","embeddable":true,"href":"https:\/\/www.lintelligentdabidjan.info\/news\/wp-json\/wp\/v2\/tags?post=43334"}],"curies":[{"name":"wp","href":"https:\/\/api.w.org\/{rel}","templated":true}]}}