{"id":43344,"date":"2026-04-15T06:06:11","date_gmt":"2026-04-15T04:06:11","guid":{"rendered":"https:\/\/www.lintelligentdabidjan.info\/news\/?p=43344"},"modified":"2026-04-15T06:06:36","modified_gmt":"2026-04-15T04:06:36","slug":"prise-en-charge-des-victimes-le-fga-mobilise-12-milliard-fcfa-en-2025-pour-1625-accidentes","status":"publish","type":"post","link":"https:\/\/www.lintelligentdabidjan.info\/news\/prise-en-charge-des-victimes-le-fga-mobilise-12-milliard-fcfa-en-2025-pour-1625-accidentes\/","title":{"rendered":"Prise en charge des victimes :  le FGA mobilise 1,2 milliard FCFA en 2025 pour 1625 accident\u00e9s"},"content":{"rendered":"<p class=\"s3\"><strong>Invit\u00e9 de l\u2019\u00e9mission Les Entretiens, diffus\u00e9e sur L\u2019Intelligent TV, le mardi 14 avril 2026, le Directeur g\u00e9n\u00e9ral du Fonds de Garantie Automobile (FGA), Ma\u00efzan Koffi No\u00ebl, a fait la lumi\u00e8re sur le bilan des prises en charge des accidents de la voie publique par sa structure au cours de l\u2019ann\u00e9e 2025.<\/strong><\/p>\n<p class=\"s3\">Selon lui, 1 625 victimes ont \u00e9t\u00e9 prises en charge par le FGA, pour un co\u00fbt global estim\u00e9 \u00e0 1,2 milliard de francs CFA.<\/p>\n<p class=\"s3\">Pour le premier trimestre de l\u2019ann\u00e9e 2026, il a relev\u00e9 une hausse &#8221;exponentielle&#8221; du nombre de victimes, avec 925 accident\u00e9s, contre un peu plus de 300 \u00e0 la m\u00eame p\u00e9riode en 2025.<\/p>\n<p class=\"s3\">Face \u00e0 cette recrudescence des accidents, Ma\u00efzan Koffi No\u00ebl s\u2019est voulu rassurant quant \u00e0 la capacit\u00e9 du FGA \u00e0 faire face \u00e0 ses engagements :<\/p>\n<p class=\"s3\">\u00ab Oui, les ressources sont disponibles, car l\u2019\u00c9tat a mis en place un m\u00e9canisme de financement robuste. Le Fonds est aliment\u00e9 par une parafiscalit\u00e9 pr\u00e9lev\u00e9e aupr\u00e8s des compagnies d\u2019assurances, dont 25 % sont consacr\u00e9s au financement du FGA. \u00bb<\/p>\n<p class=\"s3\">Dans la dynamique de renforcement de sa pr\u00e9sence sur le territoire national, il a annonc\u00e9 l\u2019ouverture de dix nouveaux bureaux de liaison en 2026, notamment dans les Centres hospitaliers r\u00e9gionaux d\u2019Abengourou, Aboisso, Ferk\u00e9, Bouna, Gagnoa, Agboville, S\u00e9gu\u00e9la, Bouafl\u00e9, Man et Adzop\u00e9.<\/p>\n<p class=\"s3\">Ces nouvelles implantations porteront \u00e0 25 le nombre total de bureaux d\u2019ici fin 2026, contre 15 actuellement, avec pour objectif, \u00e0 l\u2019horizon 2027, une couverture de l\u2019ensemble des 31 r\u00e9gions du pays.<\/p>\n<p class=\"s3\">Cr\u00e9\u00e9 en 2010, le Fonds de Garantie Automobile a pour mission d\u2019assurer la prise en charge syst\u00e9matique des victimes d\u2019accidents de la voie publique, notamment lorsque les responsables ne sont pas assur\u00e9s ou restent inconnus.<\/p>\n<p class=\"s3\"><span class=\"s2\"><span class=\"bumpedFont17\">Retrouvez l&#8217;int\u00e9gralit\u00e9 de l&#8217;\u00e9mission sur le site <\/span><\/span><a href=\"http:\/\/www.lintelligenttv.com\/\"><span class=\"s4\"><span class=\"bumpedFont17\">www.lintelligenttv.com<\/span><\/span><\/a><span class=\"s2\"><span class=\"bumpedFont17\">\u00a0et sur les plateformes Facebook, Youtube, LinkedIn, Twitter, etc de L&#8217;Intelligent TV.<\/span><\/span><\/p>\n<p class=\"s3\"><span class=\"s2\"><span class=\"bumpedFont17\">\u00a0<\/span><\/span><strong><span class=\"s2\"><span class=\"bumpedFont17\">Ibrahim Khalil<\/span><\/span><\/strong><\/p>\n","protected":false},"excerpt":{"rendered":"<p>Invit\u00e9 de l\u2019\u00e9mission Les Entretiens, diffus\u00e9e sur L\u2019Intelligent TV, le mardi 14 avril 2026, le Directeur g\u00e9n\u00e9ral du Fonds de Garantie Automobile (FGA), Ma\u00efzan Koffi No\u00ebl, a fait la lumi\u00e8re sur le bilan des prises en charge des accidents de la voie publique par sa structure au cours de l\u2019ann\u00e9e 2025. Selon lui, 1 625 [&hellip;]<\/p>\n","protected":false},"author":4,"featured_media":43345,"comment_status":"closed","ping_status":"closed","sticky":false,"template":"","format":"standard","meta":{"_monsterinsights_skip_tracking":false,"_monsterinsights_sitenote_active":false,"_monsterinsights_sitenote_note":"","_monsterinsights_sitenote_category":0,"footnotes":""},"categories":[2,3],"tags":[4296,7727,4195,7726],"class_list":["post-43344","post","type-post","status-publish","format-standard","has-post-thumbnail","hentry","category-featured","category-societe","tag-accidentes","tag-le-fga","tag-mobilise","tag-prise-en-charge-des-victimes"],"_links":{"self":[{"href":"https:\/\/www.lintelligentdabidjan.info\/news\/wp-json\/wp\/v2\/posts\/43344","targetHints":{"allow":["GET"]}}],"collection":[{"href":"https:\/\/www.lintelligentdabidjan.info\/news\/wp-json\/wp\/v2\/posts"}],"about":[{"href":"https:\/\/www.lintelligentdabidjan.info\/news\/wp-json\/wp\/v2\/types\/post"}],"author":[{"embeddable":true,"href":"https:\/\/www.lintelligentdabidjan.info\/news\/wp-json\/wp\/v2\/users\/4"}],"replies":[{"embeddable":true,"href":"https:\/\/www.lintelligentdabidjan.info\/news\/wp-json\/wp\/v2\/comments?post=43344"}],"version-history":[{"count":2,"href":"https:\/\/www.lintelligentdabidjan.info\/news\/wp-json\/wp\/v2\/posts\/43344\/revisions"}],"predecessor-version":[{"id":43347,"href":"https:\/\/www.lintelligentdabidjan.info\/news\/wp-json\/wp\/v2\/posts\/43344\/revisions\/43347"}],"wp:featuredmedia":[{"embeddable":true,"href":"https:\/\/www.lintelligentdabidjan.info\/news\/wp-json\/wp\/v2\/media\/43345"}],"wp:attachment":[{"href":"https:\/\/www.lintelligentdabidjan.info\/news\/wp-json\/wp\/v2\/media?parent=43344"}],"wp:term":[{"taxonomy":"category","embeddable":true,"href":"https:\/\/www.lintelligentdabidjan.info\/news\/wp-json\/wp\/v2\/categories?post=43344"},{"taxonomy":"post_tag","embeddable":true,"href":"https:\/\/www.lintelligentdabidjan.info\/news\/wp-json\/wp\/v2\/tags?post=43344"}],"curies":[{"name":"wp","href":"https:\/\/api.w.org\/{rel}","templated":true}]}}