{"id":43361,"date":"2026-04-16T07:52:37","date_gmt":"2026-04-16T05:52:37","guid":{"rendered":"https:\/\/www.lintelligentdabidjan.info\/news\/?p=43361"},"modified":"2026-04-16T22:09:05","modified_gmt":"2026-04-16T20:09:05","slug":"enseignement-technique-jean-louis-moulot-il-y-a-du-potentiel","status":"publish","type":"post","link":"https:\/\/www.lintelligentdabidjan.info\/news\/enseignement-technique-jean-louis-moulot-il-y-a-du-potentiel\/","title":{"rendered":"Enseignement technique- Jean-Louis Moulot : \u00ab Il y a du potentiel \u2026\u00bb"},"content":{"rendered":"<p><strong>Le ministre d\u00e9l\u00e9gu\u00e9 Jean-Louis Moulot a annonc\u00e9, le 14 avril 2026 \u00e0 Abidjan, la tenue de la premi\u00e8re \u00e9dition du Salon national de l\u2019enseignement technique (SNET), pr\u00e9vue le 25 avril au lyc\u00e9e technique d\u2019Abidjan-Cocody.<\/strong><\/p>\n<p>Le ministre d\u00e9l\u00e9gu\u00e9 aupr\u00e8s du ministre de l\u2019\u00c9ducation nationale, de l\u2019Alphab\u00e9tisation et de l\u2019Enseignement technique, charg\u00e9 de l\u2019Enseignement technique, Jean-Louis Moulot, a annonc\u00e9 mardi \u00e0 Abidjan l\u2019organisation de la premi\u00e8re \u00e9dition du Salon national de l\u2019enseignement technique (SNET).<\/p>\n<p>Pr\u00e9vu le 25 avril 2026 au lyc\u00e9e technique d\u2019Abidjan-Cocody, l\u2019\u00e9v\u00e9nement se tiendra autour du th\u00e8me : \u00ab L\u2019enseignement technique, levier de l\u2019industrialisation de la C\u00f4te d\u2019Ivoire \u00bb.<\/p>\n<p>Lors de cette conf\u00e9rence de presse tenue \u00e0 Abidjan-Plateau, le ministre a mis en avant le potentiel du secteur de l\u2019enseignement technique, appelant \u00e0 une meilleure mobilisation des acteurs institutionnels et du secteur priv\u00e9.<\/p>\n<p>\u00ab Cette premi\u00e8re \u00e9dition sera un cadre de rencontres, de dialogue et d\u2019\u00e9changes entre les futurs apprenants des fili\u00e8res techniques, les parents d\u2019\u00e9l\u00e8ves et le secteur priv\u00e9, qui constitue un pilier de l\u2019enseignement technique \u00bb, a-t-il d\u00e9clar\u00e9.<\/p>\n<p>Jean-Louis Moulot a \u00e9galement insist\u00e9 sur la n\u00e9cessit\u00e9 d\u2019orienter davantage les jeunes vers ces fili\u00e8res, qu\u2019il a qualifi\u00e9es de \u00ab fili\u00e8res d\u2019excellence \u00bb. \u00ab Il y a des opportunit\u00e9s qui ne sont pas encore prises en compte par les jeunes. Il y a du potentiel, \u00e0 nous de l\u2019exploiter et de le mettre en valeur \u00bb, a-t-il ajout\u00e9.<\/p>\n<p><strong>Une strat\u00e9gie de d\u00e9centralisation<\/strong><\/p>\n<p>Le ministre a par ailleurs annonc\u00e9 l\u2019organisation prochaine de salons d\u00e9centralis\u00e9s \u00e0 l\u2019int\u00e9rieur du pays. Une caravane sera d\u00e9ploy\u00e9e avec l\u2019appui des directions r\u00e9gionales et des autorit\u00e9s locales afin de sensibiliser les \u00e9l\u00e8ves, les parents et les entreprises aux opportunit\u00e9s offertes par l\u2019enseignement technique.<\/p>\n<p>De son c\u00f4t\u00e9, Harryson Assanvon, directeur de cabinet du minist\u00e8re et pr\u00e9sident du comit\u00e9 d\u2019organisation, a indiqu\u00e9 que le SNET a vocation \u00e0 devenir un rendez-vous annuel d\u00e9di\u00e9 \u00e0 la promotion des m\u00e9tiers techniques et au d\u00e9veloppement des comp\u00e9tences. Selon lui, le salon constituera une vitrine pour l\u2019innovation p\u00e9dagogique et le savoir-faire technologique, tout en renfor\u00e7ant le lien entre formation et employabilit\u00e9 des jeunes.<\/p>\n<p>Au programme de cette premi\u00e8re \u00e9dition figurent des conf\u00e9rences, des panels, des ateliers, des expositions, des rencontres B to B ainsi que des sessions de formation.<\/p>\n<p><strong>Mamadou Ouattara<\/strong><\/p>\n<p>&nbsp;<\/p>\n<p>&nbsp;<\/p>\n<p>&nbsp;<\/p>\n","protected":false},"excerpt":{"rendered":"<p>Le ministre d\u00e9l\u00e9gu\u00e9 Jean-Louis Moulot a annonc\u00e9, le 14 avril 2026 \u00e0 Abidjan, la tenue de la premi\u00e8re \u00e9dition du Salon national de l\u2019enseignement technique (SNET), pr\u00e9vue le 25 avril au lyc\u00e9e technique d\u2019Abidjan-Cocody. Le ministre d\u00e9l\u00e9gu\u00e9 aupr\u00e8s du ministre de l\u2019\u00c9ducation nationale, de l\u2019Alphab\u00e9tisation et de l\u2019Enseignement technique, charg\u00e9 de l\u2019Enseignement technique, Jean-Louis Moulot, [&hellip;]<\/p>\n","protected":false},"author":4,"featured_media":43377,"comment_status":"closed","ping_status":"closed","sticky":false,"template":"","format":"standard","meta":{"_monsterinsights_skip_tracking":false,"_monsterinsights_sitenote_active":false,"_monsterinsights_sitenote_note":"","_monsterinsights_sitenote_category":0,"footnotes":""},"categories":[2,3],"tags":[461,7734,7735],"class_list":["post-43361","post","type-post","status-publish","format-standard","has-post-thumbnail","hentry","category-featured","category-societe","tag-enseignement-technique","tag-jean-louis-moulot","tag-potentiel"],"_links":{"self":[{"href":"https:\/\/www.lintelligentdabidjan.info\/news\/wp-json\/wp\/v2\/posts\/43361","targetHints":{"allow":["GET"]}}],"collection":[{"href":"https:\/\/www.lintelligentdabidjan.info\/news\/wp-json\/wp\/v2\/posts"}],"about":[{"href":"https:\/\/www.lintelligentdabidjan.info\/news\/wp-json\/wp\/v2\/types\/post"}],"author":[{"embeddable":true,"href":"https:\/\/www.lintelligentdabidjan.info\/news\/wp-json\/wp\/v2\/users\/4"}],"replies":[{"embeddable":true,"href":"https:\/\/www.lintelligentdabidjan.info\/news\/wp-json\/wp\/v2\/comments?post=43361"}],"version-history":[{"count":1,"href":"https:\/\/www.lintelligentdabidjan.info\/news\/wp-json\/wp\/v2\/posts\/43361\/revisions"}],"predecessor-version":[{"id":43363,"href":"https:\/\/www.lintelligentdabidjan.info\/news\/wp-json\/wp\/v2\/posts\/43361\/revisions\/43363"}],"wp:featuredmedia":[{"embeddable":true,"href":"https:\/\/www.lintelligentdabidjan.info\/news\/wp-json\/wp\/v2\/media\/43377"}],"wp:attachment":[{"href":"https:\/\/www.lintelligentdabidjan.info\/news\/wp-json\/wp\/v2\/media?parent=43361"}],"wp:term":[{"taxonomy":"category","embeddable":true,"href":"https:\/\/www.lintelligentdabidjan.info\/news\/wp-json\/wp\/v2\/categories?post=43361"},{"taxonomy":"post_tag","embeddable":true,"href":"https:\/\/www.lintelligentdabidjan.info\/news\/wp-json\/wp\/v2\/tags?post=43361"}],"curies":[{"name":"wp","href":"https:\/\/api.w.org\/{rel}","templated":true}]}}